

{"id":6506,"date":"2026-08-31T14:55:34","date_gmt":"2026-08-31T14:55:34","guid":{"rendered":"https:\/\/craterre.org\/actualites\/invitation-restitution-du-projet-b2m-paris-24-septembre-2026\/"},"modified":"2026-08-31T14:55:34","modified_gmt":"2026-08-31T14:55:34","slug":"invitation-restitution-du-projet-b2m-paris-24-septembre-2026","status":"publish","type":"post","link":"https:\/\/craterre.org\/en\/actualites\/invitation-restitution-du-projet-b2m-paris-24-septembre-2026\/","title":{"rendered":"INVITATION | Restitution du projet B2M (Paris, 24 septembre 2026)"},"content":{"rendered":"<p>\ud835\udde5\ud835\uddf2\ud835\uddfb\ud835\uddf1\ud835\uddf2\ud835\ude07-\ud835\ude03\ud835\uddfc\ud835\ude02\ud835\ude00 \ud835\uddf9\ud835\uddf2 \ud835\uddf7\ud835\uddf2\ud835\ude02\ud835\uddf1\ud835\uddf6 \ud835\udfee\ud835\udff0 \ud835\ude00\ud835\uddf2\ud835\uddfd\ud835\ude01\ud835\uddf2\ud835\uddfa\ud835\uddef\ud835\uddff\ud835\uddf2 \ud835\uddee\u0300 \ud835\udde3\ud835\uddee\ud835\uddff\ud835\uddf6\ud835\ude00<\/p>\n<p>Apr\u00e8s trois ann\u00e9es de recherche, le projet\u00a0B2M \u2013 Briques, Mortiers, Ma\u00e7onneries\u00a0arrive \u00e0 son terme. Laur\u00e9at de l&rsquo;appel \u00e0 projets SIC pilot\u00e9 par l&rsquo;ADEME et financ\u00e9 dans le cadre du plan France 2030, le projet B2M vise \u00e0 am\u00e9liorer les connaissances sur les performances des ma\u00e7onneries en terre crue \u00e0 travers des campagnes d&rsquo;essais portant sur leurs caract\u00e9ristiques m\u00e9caniques, hygrothermiques et leur comportement au feu.<\/p>\n<p>Cette rencontre sera l&rsquo;occasion de d\u00e9couvrir les r\u00e9sultats obtenus, les enseignements tir\u00e9s des exp\u00e9rimentations ainsi que les livrables d\u00e9velopp\u00e9s dans le cadre du projet.<\/p>\n<p>Architectes, ing\u00e9nieur.es, artisan.es, producteur.rices, bureaux de contr\u00f4le, centres d\u2019essais, organismes de formation, chercheur.euses, \u00e9tudiant.es\u2026<\/p>\n<p>Cette journ\u00e9e s\u2019adresse \u00e0 l\u2019ensemble des professionnel.les, et futur.es acteur.rices engag\u00e9.es dans le d\u00e9veloppement de la construction en terre crue.<\/p>\n<p><strong>Lieu<\/strong><\/p>\n<p>Au CSTB, Salle L\u00e9onard de Vinci, 4 avenue du Recteur Poincar\u00e9, 75016 Paris<\/p>\n<p><strong>Programme du jeudi 24 septembre\u00a0<\/strong><\/p>\n<p>16h-18h : pr\u00e9sentation des r\u00e9sultats du projet<\/p>\n<p>18h-20h\u00a0: \u00e9changes autour d\u2019un buffet<\/p>\n<p>\u00c9v\u00e9nement gratuit sur inscription -&gt; <a href=\"https:\/\/framaforms.org\/inscription-restitution-b2m-paris-24-sept-1788168239\" target=\"_blank\" rel=\"noopener\" data-saferedirecturl=\"https:\/\/www.google.com\/url?q=https:\/\/framaforms.org\/inscription-restitution-b2m-paris-24-sept-1788168239&amp;source=gmail&amp;ust=1788266053545000&amp;usg=AOvVaw0UWSp-4IO67t4bpAWROxha\">lien inscription<\/a>\u00a0<\/p>\n<p>Pour toute question :\u00a0touzard.i@grenoble.archi.fr<\/p>\n<p><img decoding=\"async\" class=\"lazyload aligncenter size-fusion-600 wp-image-6508\" src=\"https:\/\/craterre.org\/wp-content\/uploads\/2026\/08\/B2M_Invitation-24-Sept-600x750.jpg\" data-orig-src=\"https:\/\/craterre.org\/wp-content\/uploads\/2026\/08\/B2M_Invitation-24-Sept-600x750.jpg\" alt=\"\" width=\"600\" height=\"750\" srcset=\"data:image\/svg+xml,%3Csvg%20xmlns%3D%27http%3A%2F%2Fwww.w3.org%2F2000%2Fsvg%27%20width%3D%27600%27%20height%3D%27750%27%20viewBox%3D%270%200%20600%20750%27%3E%3Crect%20width%3D%27600%27%20height%3D%27750%27%20fill-opacity%3D%220%22%2F%3E%3C%2Fsvg%3E\" data-srcset=\"https:\/\/craterre.org\/wp-content\/uploads\/2026\/08\/B2M_Invitation-24-Sept-10x12.jpg 10w, https:\/\/craterre.org\/wp-content\/uploads\/2026\/08\/B2M_Invitation-24-Sept-200x250.jpg 200w, https:\/\/craterre.org\/wp-content\/uploads\/2026\/08\/B2M_Invitation-24-Sept-240x300.jpg 240w, https:\/\/craterre.org\/wp-content\/uploads\/2026\/08\/B2M_Invitation-24-Sept-400x500.jpg 400w, https:\/\/craterre.org\/wp-content\/uploads\/2026\/08\/B2M_Invitation-24-Sept-600x750.jpg 600w, https:\/\/craterre.org\/wp-content\/uploads\/2026\/08\/B2M_Invitation-24-Sept-768x960.jpg 768w, https:\/\/craterre.org\/wp-content\/uploads\/2026\/08\/B2M_Invitation-24-Sept-800x1000.jpg 800w, https:\/\/craterre.org\/wp-content\/uploads\/2026\/08\/B2M_Invitation-24-Sept-819x1024.jpg 819w, https:\/\/craterre.org\/wp-content\/uploads\/2026\/08\/B2M_Invitation-24-Sept.jpg 1080w\" data-sizes=\"auto\" data-orig-sizes=\"(max-width: 600px) 100vw, 600px\" \/><\/p>","protected":false},"excerpt":{"rendered":"<p>\ud835\udde5\ud835\uddf2\ud835\uddfb\ud835\uddf1\ud835\uddf2\ud835\ude07-\ud835\ude03\ud835\uddfc\ud835\ude02\ud835\ude00 \ud835\uddf9\ud835\uddf2 \ud835\uddf7\ud835\uddf2\ud835\ude02\ud835\uddf1\ud835\uddf6 \ud835\udfee\ud835\udff0 \ud835\ude00\ud835\uddf2\ud835\uddfd\ud835\ude01\ud835\uddf2\ud835\uddfa\ud835\uddef\ud835\uddff\ud835\uddf2 \ud835\uddee\u0300 \ud835\udde3\ud835\uddee\ud835\uddff\ud835\uddf6\ud835\ude00 Apr\u00e8s trois ann\u00e9es [&hellip;]<\/p>\n","protected":false},"author":2,"featured_media":6505,"comment_status":"closed","ping_status":"closed","sticky":false,"template":"","format":"standard","meta":{"footnotes":""},"categories":[37],"tags":[],"class_list":["post-6506","post","type-post","status-publish","format-standard","has-post-thumbnail","hentry","category-actualites"],"yoast_head":"<!-- This site is optimized with the Yoast SEO plugin v28.1 - https:\/\/yoast.com\/product\/yoast-seo-wordpress\/ -->\n<title>INVITATION | Restitution du projet B2M (Paris, 24 septembre 2026) - CRAterre<\/title>\n<meta name=\"robots\" content=\"index, follow, max-snippet:-1, max-image-preview:large, max-video-preview:-1\" \/>\n<link rel=\"canonical\" href=\"https:\/\/craterre.org\/en\/actualites\/invitation-restitution-du-projet-b2m-paris-24-septembre-2026\/\" \/>\n<meta property=\"og:locale\" content=\"en_US\" \/>\n<meta property=\"og:type\" content=\"article\" \/>\n<meta property=\"og:title\" content=\"INVITATION | Restitution du projet B2M (Paris, 24 septembre 2026) - CRAterre\" \/>\n<meta property=\"og:description\" content=\"\ud835\udde5\ud835\uddf2\ud835\uddfb\ud835\uddf1\ud835\uddf2\ud835\ude07-\ud835\ude03\ud835\uddfc\ud835\ude02\ud835\ude00 \ud835\uddf9\ud835\uddf2 \ud835\uddf7\ud835\uddf2\ud835\ude02\ud835\uddf1\ud835\uddf6 \ud835\udfee\ud835\udff0 \ud835\ude00\ud835\uddf2\ud835\uddfd\ud835\ude01\ud835\uddf2\ud835\uddfa\ud835\uddef\ud835\uddff\ud835\uddf2 \ud835\uddee\u0300 \ud835\udde3\ud835\uddee\ud835\uddff\ud835\uddf6\ud835\ude00 Apr\u00e8s trois ann\u00e9es [&hellip;]\" \/>\n<meta property=\"og:url\" content=\"https:\/\/craterre.org\/en\/actualites\/invitation-restitution-du-projet-b2m-paris-24-septembre-2026\/\" \/>\n<meta property=\"og:site_name\" content=\"CRAterre\" \/>\n<meta property=\"article:publisher\" content=\"https:\/\/www.facebook.com\/centrecraterre\" \/>\n<meta property=\"article:published_time\" content=\"2026-08-31T14:55:34+00:00\" \/>\n<meta property=\"og:image\" content=\"https:\/\/craterre.org\/wp-content\/uploads\/2026\/08\/vignettes_site_web.png\" \/>\n\t<meta property=\"og:image:width\" content=\"1080\" \/>\n\t<meta property=\"og:image:height\" content=\"1080\" \/>\n\t<meta property=\"og:image:type\" content=\"image\/png\" \/>\n<meta name=\"author\" content=\"Audrey Carbonnelle\" \/>\n<meta name=\"twitter:card\" content=\"summary_large_image\" \/>\n<meta name=\"twitter:label1\" content=\"Written by\" \/>\n\t<meta name=\"twitter:data1\" content=\"Audrey Carbonnelle\" \/>\n\t<meta name=\"twitter:label2\" content=\"Est. reading time\" \/>\n\t<meta name=\"twitter:data2\" content=\"1 minute\" \/>\n<script type=\"application\/ld+json\" class=\"yoast-schema-graph\">{\"@context\":\"https:\\\/\\\/schema.org\",\"@graph\":[{\"@type\":\"Article\",\"@id\":\"https:\\\/\\\/craterre.org\\\/actualites\\\/invitation-restitution-du-projet-b2m-paris-24-septembre-2026\\\/#article\",\"isPartOf\":{\"@id\":\"https:\\\/\\\/craterre.org\\\/actualites\\\/invitation-restitution-du-projet-b2m-paris-24-septembre-2026\\\/\"},\"author\":{\"name\":\"Audrey Carbonnelle\",\"@id\":\"https:\\\/\\\/craterre.org\\\/#\\\/schema\\\/person\\\/e0ff58c92c89248ad6f5644a542d4122\"},\"headline\":\"INVITATION | Restitution du projet B2M (Paris, 24 septembre 2026)\",\"datePublished\":\"2026-08-31T14:55:34+00:00\",\"mainEntityOfPage\":{\"@id\":\"https:\\\/\\\/craterre.org\\\/actualites\\\/invitation-restitution-du-projet-b2m-paris-24-septembre-2026\\\/\"},\"wordCount\":212,\"publisher\":{\"@id\":\"https:\\\/\\\/craterre.org\\\/#organization\"},\"image\":{\"@id\":\"https:\\\/\\\/craterre.org\\\/actualites\\\/invitation-restitution-du-projet-b2m-paris-24-septembre-2026\\\/#primaryimage\"},\"thumbnailUrl\":\"https:\\\/\\\/craterre.org\\\/wp-content\\\/uploads\\\/2026\\\/08\\\/vignettes_site_web.png\",\"articleSection\":[\"Actualit\u00e9s\"],\"inLanguage\":\"en-US\"},{\"@type\":\"WebPage\",\"@id\":\"https:\\\/\\\/craterre.org\\\/actualites\\\/invitation-restitution-du-projet-b2m-paris-24-septembre-2026\\\/\",\"url\":\"https:\\\/\\\/craterre.org\\\/actualites\\\/invitation-restitution-du-projet-b2m-paris-24-septembre-2026\\\/\",\"name\":\"INVITATION | Restitution du projet B2M (Paris, 24 septembre 2026) - CRAterre\",\"isPartOf\":{\"@id\":\"https:\\\/\\\/craterre.org\\\/#website\"},\"primaryImageOfPage\":{\"@id\":\"https:\\\/\\\/craterre.org\\\/actualites\\\/invitation-restitution-du-projet-b2m-paris-24-septembre-2026\\\/#primaryimage\"},\"image\":{\"@id\":\"https:\\\/\\\/craterre.org\\\/actualites\\\/invitation-restitution-du-projet-b2m-paris-24-septembre-2026\\\/#primaryimage\"},\"thumbnailUrl\":\"https:\\\/\\\/craterre.org\\\/wp-content\\\/uploads\\\/2026\\\/08\\\/vignettes_site_web.png\",\"datePublished\":\"2026-08-31T14:55:34+00:00\",\"inLanguage\":\"en-US\",\"potentialAction\":[{\"@type\":\"ReadAction\",\"target\":[\"https:\\\/\\\/craterre.org\\\/actualites\\\/invitation-restitution-du-projet-b2m-paris-24-septembre-2026\\\/\"]}]},{\"@type\":\"ImageObject\",\"inLanguage\":\"en-US\",\"@id\":\"https:\\\/\\\/craterre.org\\\/actualites\\\/invitation-restitution-du-projet-b2m-paris-24-septembre-2026\\\/#primaryimage\",\"url\":\"https:\\\/\\\/craterre.org\\\/wp-content\\\/uploads\\\/2026\\\/08\\\/vignettes_site_web.png\",\"contentUrl\":\"https:\\\/\\\/craterre.org\\\/wp-content\\\/uploads\\\/2026\\\/08\\\/vignettes_site_web.png\",\"width\":1080,\"height\":1080},{\"@type\":\"WebSite\",\"@id\":\"https:\\\/\\\/craterre.org\\\/#website\",\"url\":\"https:\\\/\\\/craterre.org\\\/\",\"name\":\"CRAterre\",\"description\":\"\",\"publisher\":{\"@id\":\"https:\\\/\\\/craterre.org\\\/#organization\"},\"potentialAction\":[{\"@type\":\"SearchAction\",\"target\":{\"@type\":\"EntryPoint\",\"urlTemplate\":\"https:\\\/\\\/craterre.org\\\/?s={search_term_string}\"},\"query-input\":{\"@type\":\"PropertyValueSpecification\",\"valueRequired\":true,\"valueName\":\"search_term_string\"}}],\"inLanguage\":\"en-US\"},{\"@type\":\"Organization\",\"@id\":\"https:\\\/\\\/craterre.org\\\/#organization\",\"name\":\"CRAterre\",\"url\":\"https:\\\/\\\/craterre.org\\\/\",\"logo\":{\"@type\":\"ImageObject\",\"inLanguage\":\"en-US\",\"@id\":\"https:\\\/\\\/craterre.org\\\/#\\\/schema\\\/logo\\\/image\\\/\",\"url\":\"https:\\\/\\\/craterre.org\\\/wp-content\\\/uploads\\\/2024\\\/04\\\/CRAterre-logo-indiv.png\",\"contentUrl\":\"https:\\\/\\\/craterre.org\\\/wp-content\\\/uploads\\\/2024\\\/04\\\/CRAterre-logo-indiv.png\",\"width\":1618,\"height\":661,\"caption\":\"CRAterre\"},\"image\":{\"@id\":\"https:\\\/\\\/craterre.org\\\/#\\\/schema\\\/logo\\\/image\\\/\"},\"sameAs\":[\"https:\\\/\\\/www.facebook.com\\\/centrecraterre\"]},{\"@type\":\"Person\",\"@id\":\"https:\\\/\\\/craterre.org\\\/#\\\/schema\\\/person\\\/e0ff58c92c89248ad6f5644a542d4122\",\"name\":\"Audrey Carbonnelle\",\"image\":{\"@type\":\"ImageObject\",\"inLanguage\":\"en-US\",\"@id\":\"https:\\\/\\\/secure.gravatar.com\\\/avatar\\\/bc32e12c7e228dcff8cd134dedc5d313e5c81c03147417260670b875503e2a1b?s=96&d=mm&r=g\",\"url\":\"https:\\\/\\\/secure.gravatar.com\\\/avatar\\\/bc32e12c7e228dcff8cd134dedc5d313e5c81c03147417260670b875503e2a1b?s=96&d=mm&r=g\",\"contentUrl\":\"https:\\\/\\\/secure.gravatar.com\\\/avatar\\\/bc32e12c7e228dcff8cd134dedc5d313e5c81c03147417260670b875503e2a1b?s=96&d=mm&r=g\",\"caption\":\"Audrey Carbonnelle\"},\"url\":\"https:\\\/\\\/craterre.org\\\/en\\\/author\\\/audrey\\\/\"}]}<\/script>\n<!-- \/ Yoast SEO plugin. -->","yoast_head_json":{"title":"INVITATION | Restitution du projet B2M (Paris, 24 septembre 2026) - CRAterre","robots":{"index":"index","follow":"follow","max-snippet":"max-snippet:-1","max-image-preview":"max-image-preview:large","max-video-preview":"max-video-preview:-1"},"canonical":"https:\/\/craterre.org\/en\/actualites\/invitation-restitution-du-projet-b2m-paris-24-septembre-2026\/","og_locale":"en_US","og_type":"article","og_title":"INVITATION | Restitution du projet B2M (Paris, 24 septembre 2026) - CRAterre","og_description":"\ud835\udde5\ud835\uddf2\ud835\uddfb\ud835\uddf1\ud835\uddf2\ud835\ude07-\ud835\ude03\ud835\uddfc\ud835\ude02\ud835\ude00 \ud835\uddf9\ud835\uddf2 \ud835\uddf7\ud835\uddf2\ud835\ude02\ud835\uddf1\ud835\uddf6 \ud835\udfee\ud835\udff0 \ud835\ude00\ud835\uddf2\ud835\uddfd\ud835\ude01\ud835\uddf2\ud835\uddfa\ud835\uddef\ud835\uddff\ud835\uddf2 \ud835\uddee\u0300 \ud835\udde3\ud835\uddee\ud835\uddff\ud835\uddf6\ud835\ude00 Apr\u00e8s trois ann\u00e9es [&hellip;]","og_url":"https:\/\/craterre.org\/en\/actualites\/invitation-restitution-du-projet-b2m-paris-24-septembre-2026\/","og_site_name":"CRAterre","article_publisher":"https:\/\/www.facebook.com\/centrecraterre","article_published_time":"2026-08-31T14:55:34+00:00","og_image":[{"width":1080,"height":1080,"url":"https:\/\/craterre.org\/wp-content\/uploads\/2026\/08\/vignettes_site_web.png","type":"image\/png"}],"author":"Audrey Carbonnelle","twitter_card":"summary_large_image","twitter_misc":{"Written by":"Audrey Carbonnelle","Est. reading time":"1 minute"},"schema":{"@context":"https:\/\/schema.org","@graph":[{"@type":"Article","@id":"https:\/\/craterre.org\/actualites\/invitation-restitution-du-projet-b2m-paris-24-septembre-2026\/#article","isPartOf":{"@id":"https:\/\/craterre.org\/actualites\/invitation-restitution-du-projet-b2m-paris-24-septembre-2026\/"},"author":{"name":"Audrey Carbonnelle","@id":"https:\/\/craterre.org\/#\/schema\/person\/e0ff58c92c89248ad6f5644a542d4122"},"headline":"INVITATION | Restitution du projet B2M (Paris, 24 septembre 2026)","datePublished":"2026-08-31T14:55:34+00:00","mainEntityOfPage":{"@id":"https:\/\/craterre.org\/actualites\/invitation-restitution-du-projet-b2m-paris-24-septembre-2026\/"},"wordCount":212,"publisher":{"@id":"https:\/\/craterre.org\/#organization"},"image":{"@id":"https:\/\/craterre.org\/actualites\/invitation-restitution-du-projet-b2m-paris-24-septembre-2026\/#primaryimage"},"thumbnailUrl":"https:\/\/craterre.org\/wp-content\/uploads\/2026\/08\/vignettes_site_web.png","articleSection":["Actualit\u00e9s"],"inLanguage":"en-US"},{"@type":"WebPage","@id":"https:\/\/craterre.org\/actualites\/invitation-restitution-du-projet-b2m-paris-24-septembre-2026\/","url":"https:\/\/craterre.org\/actualites\/invitation-restitution-du-projet-b2m-paris-24-septembre-2026\/","name":"INVITATION | Restitution du projet B2M (Paris, 24 septembre 2026) - CRAterre","isPartOf":{"@id":"https:\/\/craterre.org\/#website"},"primaryImageOfPage":{"@id":"https:\/\/craterre.org\/actualites\/invitation-restitution-du-projet-b2m-paris-24-septembre-2026\/#primaryimage"},"image":{"@id":"https:\/\/craterre.org\/actualites\/invitation-restitution-du-projet-b2m-paris-24-septembre-2026\/#primaryimage"},"thumbnailUrl":"https:\/\/craterre.org\/wp-content\/uploads\/2026\/08\/vignettes_site_web.png","datePublished":"2026-08-31T14:55:34+00:00","inLanguage":"en-US","potentialAction":[{"@type":"ReadAction","target":["https:\/\/craterre.org\/actualites\/invitation-restitution-du-projet-b2m-paris-24-septembre-2026\/"]}]},{"@type":"ImageObject","inLanguage":"en-US","@id":"https:\/\/craterre.org\/actualites\/invitation-restitution-du-projet-b2m-paris-24-septembre-2026\/#primaryimage","url":"https:\/\/craterre.org\/wp-content\/uploads\/2026\/08\/vignettes_site_web.png","contentUrl":"https:\/\/craterre.org\/wp-content\/uploads\/2026\/08\/vignettes_site_web.png","width":1080,"height":1080},{"@type":"WebSite","@id":"https:\/\/craterre.org\/#website","url":"https:\/\/craterre.org\/","name":"\u200eCRAterre","description":"","publisher":{"@id":"https:\/\/craterre.org\/#organization"},"potentialAction":[{"@type":"SearchAction","target":{"@type":"EntryPoint","urlTemplate":"https:\/\/craterre.org\/?s={search_term_string}"},"query-input":{"@type":"PropertyValueSpecification","valueRequired":true,"valueName":"search_term_string"}}],"inLanguage":"en-US"},{"@type":"Organization","@id":"https:\/\/craterre.org\/#organization","name":"\u200eCRAterre","url":"https:\/\/craterre.org\/","logo":{"@type":"ImageObject","inLanguage":"en-US","@id":"https:\/\/craterre.org\/#\/schema\/logo\/image\/","url":"https:\/\/craterre.org\/wp-content\/uploads\/2024\/04\/CRAterre-logo-indiv.png","contentUrl":"https:\/\/craterre.org\/wp-content\/uploads\/2024\/04\/CRAterre-logo-indiv.png","width":1618,"height":661,"caption":"CRAterre"},"image":{"@id":"https:\/\/craterre.org\/#\/schema\/logo\/image\/"},"sameAs":["https:\/\/www.facebook.com\/centrecraterre"]},{"@type":"Person","@id":"https:\/\/craterre.org\/#\/schema\/person\/e0ff58c92c89248ad6f5644a542d4122","name":"Audrey Carbonnelle","image":{"@type":"ImageObject","inLanguage":"en-US","@id":"https:\/\/secure.gravatar.com\/avatar\/bc32e12c7e228dcff8cd134dedc5d313e5c81c03147417260670b875503e2a1b?s=96&d=mm&r=g","url":"https:\/\/secure.gravatar.com\/avatar\/bc32e12c7e228dcff8cd134dedc5d313e5c81c03147417260670b875503e2a1b?s=96&d=mm&r=g","contentUrl":"https:\/\/secure.gravatar.com\/avatar\/bc32e12c7e228dcff8cd134dedc5d313e5c81c03147417260670b875503e2a1b?s=96&d=mm&r=g","caption":"Audrey Carbonnelle"},"url":"https:\/\/craterre.org\/en\/author\/audrey\/"}]}},"_links":{"self":[{"href":"https:\/\/craterre.org\/en\/wp-json\/wp\/v2\/posts\/6506","targetHints":{"allow":["GET"]}}],"collection":[{"href":"https:\/\/craterre.org\/en\/wp-json\/wp\/v2\/posts"}],"about":[{"href":"https:\/\/craterre.org\/en\/wp-json\/wp\/v2\/types\/post"}],"author":[{"embeddable":true,"href":"https:\/\/craterre.org\/en\/wp-json\/wp\/v2\/users\/2"}],"replies":[{"embeddable":true,"href":"https:\/\/craterre.org\/en\/wp-json\/wp\/v2\/comments?post=6506"}],"version-history":[{"count":2,"href":"https:\/\/craterre.org\/en\/wp-json\/wp\/v2\/posts\/6506\/revisions"}],"predecessor-version":[{"id":6509,"href":"https:\/\/craterre.org\/en\/wp-json\/wp\/v2\/posts\/6506\/revisions\/6509"}],"wp:featuredmedia":[{"embeddable":true,"href":"https:\/\/craterre.org\/en\/wp-json\/wp\/v2\/media\/6505"}],"wp:attachment":[{"href":"https:\/\/craterre.org\/en\/wp-json\/wp\/v2\/media?parent=6506"}],"wp:term":[{"taxonomy":"category","embeddable":true,"href":"https:\/\/craterre.org\/en\/wp-json\/wp\/v2\/categories?post=6506"},{"taxonomy":"post_tag","embeddable":true,"href":"https:\/\/craterre.org\/en\/wp-json\/wp\/v2\/tags?post=6506"}],"curies":[{"name":"wp","href":"https:\/\/api.w.org\/{rel}","templated":true}]}}