

{"id":6332,"date":"2026-04-03T08:45:36","date_gmt":"2026-04-03T08:45:36","guid":{"rendered":"https:\/\/craterre.org\/actualites\/turab26-experiences-de-la-de-materialite-de-la-construction-en-terre-tunisie-05-07-juin-2026\/"},"modified":"2026-04-03T08:45:36","modified_gmt":"2026-04-03T08:45:36","slug":"turab26-experiences-de-la-de-materialite-de-la-construction-en-terre-tunisie-05-07-juin-2026","status":"publish","type":"post","link":"https:\/\/craterre.org\/en\/actualites\/turab26-experiences-de-la-de-materialite-de-la-construction-en-terre-tunisie-05-07-juin-2026\/","title":{"rendered":"Tur\u00e2b\u201926 : exp\u00e9riences de la d\u00e9-mat\u00e9rialit\u00e9 de la construction en terre (Tunisie, 05-07 Juin 2026)"},"content":{"rendered":"<p>L\u2019\u00c9cole Nationale d\u2019Architecture et d\u2019Urbanisme ENAU accueille la premi\u00e8re \u00e9dition du colloque international <strong>\u00ab<\/strong> <strong>26\u2019<\/strong><strong><em>\u062a\u0631\u0627\u0628<\/em><\/strong> <strong>\u2013 Tur\u00e2b\u201926\u00a0: <\/strong><strong>EXPERIENCES DE LA DE-MATERIALITE DE LA CONSTRUCTION EN TERRE <\/strong><strong>\u00bb <\/strong>co-organis\u00e9 par\u00a0:<\/p>\n<p>&#8211; Les laboratoires de recherche Patrimoine, Architecture et Ambiances LarPAA &amp; Villes Durables et Environnement Construit VDEC, Ecole Nationale d\u2019Architecture et d\u2019Urbanisme ENAU \u2013 Universit\u00e9 de Carthage UCAR<\/p>\n<p>&#8211; Le Centre International de la Construction en Terre CRAterre, Ecole Nationale Sup\u00e9rieure d\u2019Architecture de Grenoble ENSAG \u2013 Universit\u00e9 Grenoble Alpes UGA<\/p>\n<p>&#8211; Le Laboratoire Ing\u00e9nierie G\u00e9otechnique et G\u00e9o-Risques LIGG, Ecole Nationale d\u2019Ing\u00e9nieurs de Tunis ENIT \u2013 Universit\u00e9 Tunis El Manar UTM<\/p>\n<p><img decoding=\"async\" class=\"lazyload aligncenter wp-image-6334 size-fusion-400\" src=\"https:\/\/craterre.org\/wp-content\/uploads\/2026\/04\/Piece-jointe-sans-titre-01126-400x565.jpeg\" data-orig-src=\"https:\/\/craterre.org\/wp-content\/uploads\/2026\/04\/Piece-jointe-sans-titre-01126-400x565.jpeg\" alt=\"\" width=\"400\" height=\"565\" srcset=\"data:image\/svg+xml,%3Csvg%20xmlns%3D%27http%3A%2F%2Fwww.w3.org%2F2000%2Fsvg%27%20width%3D%27400%27%20height%3D%27565%27%20viewBox%3D%270%200%20400%20565%27%3E%3Crect%20width%3D%27400%27%20height%3D%27565%27%20fill-opacity%3D%220%22%2F%3E%3C%2Fsvg%3E\" data-srcset=\"https:\/\/craterre.org\/wp-content\/uploads\/2026\/04\/Piece-jointe-sans-titre-01126-8x12.jpeg 8w, https:\/\/craterre.org\/wp-content\/uploads\/2026\/04\/Piece-jointe-sans-titre-01126-200x283.jpeg 200w, https:\/\/craterre.org\/wp-content\/uploads\/2026\/04\/Piece-jointe-sans-titre-01126-212x300.jpeg 212w, https:\/\/craterre.org\/wp-content\/uploads\/2026\/04\/Piece-jointe-sans-titre-01126-400x565.jpeg 400w, https:\/\/craterre.org\/wp-content\/uploads\/2026\/04\/Piece-jointe-sans-titre-01126-600x848.jpeg 600w, https:\/\/craterre.org\/wp-content\/uploads\/2026\/04\/Piece-jointe-sans-titre-01126-724x1024.jpeg 724w, https:\/\/craterre.org\/wp-content\/uploads\/2026\/04\/Piece-jointe-sans-titre-01126-768x1086.jpeg 768w, https:\/\/craterre.org\/wp-content\/uploads\/2026\/04\/Piece-jointe-sans-titre-01126-800x1131.jpeg 800w, https:\/\/craterre.org\/wp-content\/uploads\/2026\/04\/Piece-jointe-sans-titre-01126-1087x1536.jpeg 1087w, https:\/\/craterre.org\/wp-content\/uploads\/2026\/04\/Piece-jointe-sans-titre-01126-1200x1696.jpeg 1200w, https:\/\/craterre.org\/wp-content\/uploads\/2026\/04\/Piece-jointe-sans-titre-01126-1449x2048.jpeg 1449w, https:\/\/craterre.org\/wp-content\/uploads\/2026\/04\/Piece-jointe-sans-titre-01126-scaled.jpeg 1811w\" data-sizes=\"auto\" data-orig-sizes=\"(max-width: 400px) 100vw, 400px\" \/><\/p>\n<p><strong>R\u00c9SUME :<\/strong><\/p>\n<p>Chaque poign\u00e9e de terre porte en elle une histoire de \u00ab\u00a0d\u00e9-mat\u00e9rialit\u00e9\u00a0\u00bb, o\u00f9 la philosophie sensible de la terre cohabite avec les innovations et les nouvelles technologies qui poussent ses limites techniques dans un d\u00e9sir de la d\u00e9stigmatiser. Bien que durable et \u00e9cologique, le mat\u00e9riau \u00ab\u00a0terre\u00a0\u00bb suscite une r\u00e9sistance culturelle li\u00e9e \u00e0 une image de pr\u00e9carit\u00e9, induite par la modernit\u00e9. Ainsi, dans un contexte de changement climatique alarmant, r\u00e9inventer la construction en terre devient urgent, voire n\u00e9cessaire. Appr\u00e9hendant la recherche sur la construction en terre au carrefour de la po\u00e9tique, de l&rsquo;ing\u00e9nierie et de l&rsquo;innovation et mettant \u00e0 l\u2019honneur l\u2019architecture\u00a0de terre\u00a0en Tunisie et \u00e0 travers le monde, ce colloque pose un regard transdisciplinaire et r\u00e9silient sur un mat\u00e9riau universel en mettant en tension sa dimension mat\u00e9rielle et celle immat\u00e9rielle, inextricablement li\u00e9es.<\/p>\n<p><strong>ARGUMENTAIRE\u00a0:<\/strong><\/p>\n<p>Dans l\u2019approche de la po\u00e9tique bachelardienne du monde qui nous entoure et sa conception du r\u00f4le jou\u00e9 par les quatre \u00e9l\u00e9ments de la nature dans la structuration de notre imaginaire, l\u2019\u00e9l\u00e9ment \u00ab\u00a0Terre\u00a0\u00bb n\u2019a jamais \u00e9t\u00e9 \u00e9l\u00e9mentaire. En effet, convoquant une dialectique du dur et du mou, cette d\u00e9marche a fa\u00e7onn\u00e9 si intens\u00e9ment des r\u00eaveries de la mati\u00e8re qu\u2019il serait difficile de distinguer sa mat\u00e9rialit\u00e9 de son immat\u00e9rialit\u00e9, l\u2019inscrivant ainsi dans une approche holistique. Extrapolant cette stratification imaginaire de la terre \u00e0 son modelage et \u00e0 son travail, cette vision \u00ab\u00a0d\u00e9-mat\u00e9rialis\u00e9e\u00a0\u00bb de la terre en tant que mati\u00e8re qui interroge les rapports entre l\u2019imaginaire et le rationnel, entre la cr\u00e9ation et la science, est au c\u0153ur des d\u00e9bats actuels sur la construction contemporaine en terre \u00e0 travers le monde.<\/p>\n<p>Eriger des b\u00e2timents avec le mat\u00e9riau-m\u00eame de leur ancrage et de leur enracinement au sol renvoie \u00e0 la fois \u00e0 la cr\u00e9ativit\u00e9 et \u00e0 la r\u00e9sistance de l\u2019acte de construire en terre de nos jours. En effet, r\u00e9inventer les architectures et les villes en terre comme engagement \u00e9cologique dans un contexte de crise environnementale n\u2019est plus \u00e0 d\u00e9montrer. Etant une mati\u00e8re premi\u00e8re dans la construction \u00e0 la fois gratuite, durable et engag\u00e9e envers une culture donn\u00e9e, la terre s\u00e9duit \u00e9conomiquement, \u00e9cologiquement, po\u00e9tiquement et techniquement, mais aussi, fait peur car v\u00e9hiculant une image de pr\u00e9carit\u00e9 et de fragilit\u00e9 constructive qui d\u00e9veloppe une forme de r\u00e9sistance culturelle et psychologique \u00e0 l\u2019\u00e9gard de son adoption. Comment valoriser un patrimoine en terre\u00a0? Quels seraient les m\u00e9canismes de transformation et de changement d\u2019une telle perception socio-culturelle stigmatisante des architectures de terre\u00a0?<\/p>\n<p>Face aux avanc\u00e9es technologiques effr\u00e9n\u00e9es de l\u2019industrie de la construction 4.0 et \u00e9tant le mat\u00e9riau de construction le plus r\u00e9pandu \u00e0 travers le monde, la terre est dans l\u2019obligation de se r\u00e9inventer afin de croiser les exigences constructives actuelles de r\u00e9sistance, de confort, d\u2019esth\u00e9tique et de durabilit\u00e9. Comment r\u00e9inventer les m\u00e9thodes et techniques de construction en terre\u00a0? Quelle place aux nouvelles technologies dans les processus constructifs sensibles des cultures locales en mati\u00e8re de construction en terre\u00a0? Jusqu\u2019\u00e0 quelles limites pourrions-nous pousser la technologie en mati\u00e8re de construction en terre afin que les innovations soient en ad\u00e9quation avec la philosophie sensible et po\u00e9tique de la mati\u00e8re\u00a0? Quels acteurs pour un \u00e9cosyst\u00e8me constructif\u00a0en terre qui s\u2019alignerait avec les nouvelles technologies ?<\/p>\n<p>Appr\u00e9hendant la recherche sur la construction en terre par la pratique, et mettant \u00e0 l\u2019honneur l\u2019architecture\u00a0de terre\u00a0en Tunisie et \u00e0 travers le monde, examinant ainsi des questions encore inexplor\u00e9es li\u00e9es \u00e0 sa connaissance, reconnaissance et \u00e0 sa conservation, ce colloque pose un regard transdisciplinaire et r\u00e9silient sur un mat\u00e9riau universel qui a de l\u2019avenir.<\/p>\n<p><strong><em>Axes th\u00e9matiques\u00a0:<\/em><\/strong><\/p>\n<p><strong>AXE 1. <\/strong><strong>De la Po\u00e9tique de la terre<\/strong><\/p>\n<p>A la red\u00e9couverte d\u2019un mat\u00e9riau qui, au-del\u00e0 de ses propri\u00e9t\u00e9s physiques, est capable de g\u00e9n\u00e9rer des ambiances et des \u00e9motions, cet axe th\u00e9matique du colloque ouvre la voie devant la singularit\u00e9 des exp\u00e9riences qui explorent l\u2019histoire racont\u00e9e par la terre.<\/p>\n<p>La po\u00e9tique de la terre r\u00e9side dans un lien tiss\u00e9 avec l\u2019environnement et l&rsquo;humain. Par cons\u00e9quent, la terre rev\u00eat un potentiel m\u00e9moriel, porteur d\u2019identit\u00e9 et v\u00e9ritable marqueur culturel \u00e0 travers le temps. Cette sp\u00e9cificit\u00e9 est d\u2019autant plus magnifi\u00e9e par le fait de construire des espaces avec le mat\u00e9riau-m\u00eame de leur ancrage au sol. Ainsi, il en r\u00e9sulte une architecture dont le jeu consiste \u00e0 estomper les limites tangibles du b\u00e2timent et d\u2019en rendre superflue la lecture d\u2019un volume dans une po\u00e9tique de l\u2019\u00e9vanescence, effa\u00e7ant la fronti\u00e8re entre le b\u00e2ti et son environnement. La po\u00e9tique de la terre est aussi une invitation \u00e0 explorer une exp\u00e9rience sensorielle qui consid\u00e8re la sensation du mat\u00e9riau sous la main, sa temp\u00e9rature, son odeur, son modelage et son remodelage. Ainsi, la perception de l\u2019usager de son espace est fortement influenc\u00e9e par les qualit\u00e9s sensorielles du mat\u00e9riau \u00ab\u00a0terre\u00a0\u00bb. Rien que par ses teintes et ses textures, il est capable de faire varier visuellement la chaleur d\u2019un espace. Bien plus qu\u2019une question de confort climatique, les ambiances g\u00e9n\u00e9r\u00e9es par la terre deviennent des \u00e9l\u00e9ments de conception qui croisent subtilement des r\u00e9cits, des croyances et des structures sociales li\u00e9s aux architectures vernaculaires de terre. In fine, le lien entre la terre, la m\u00e9moire collective et l&rsquo;identit\u00e9 qui fa\u00e7onne les espaces habit\u00e9s est mis en exergue.<\/p>\n<p>Au carrefour des sens et de l\u2019imaginal, cet axe interroge la terre comme exp\u00e9rience spatiale d\u00e9mat\u00e9rialis\u00e9e \u00e0 travers l\u2019histoire, les cultures et les soci\u00e9t\u00e9s. Les atmosph\u00e8res, les couleurs, les textures, l\u2019odeur, les sons, les sensibilit\u00e9s li\u00e9es \u00e0 ce mat\u00e9riau, sa forme, son travail sont explor\u00e9es. Les cultures constructives locales, les savoir-dire et les savoir-faire en construction en terre sont mises \u00e0 nu via des approches sensibles appelant \u00e0 consid\u00e9rer l\u2019imagination cr\u00e9atrice de la mati\u00e8re et les ambiances architecturales et urbaines qu\u2019elle engendre.<\/p>\n<p><strong>AXE 2. De l\u2019Ing\u00e9nierie de la terre<\/strong><\/p>\n<p>Bridant les techniques et mariant les savoirs en la mati\u00e8re, l\u2019homme a \u00e9rig\u00e9 avec la terre les monuments les plus marquants dans l\u2019histoire du d\u00e9veloppement mat\u00e9riel et spirituel des \u00e9tablissements humains, prouvant ainsi la r\u00e9sistance, la solidit\u00e9 et l\u2019universalit\u00e9 de ce mat\u00e9riau.<\/p>\n<p>Face \u00e0 la crise paradigmatique que la construction en terre a connu avec l\u2019av\u00e8nement de l\u2019\u00e8re industrielle, des tentatives ont \u00e9t\u00e9 men\u00e9es afin de rationaliser et de moderniser le savoir-faire savant et populaire de la terre. Ainsi, depuis la crise p\u00e9troli\u00e8re des ann\u00e9es 70 et les d\u00e9fis environnementaux qu\u2019elle suscite, les politiques de construction \u00e0 travers le monde n\u2019ont plus le choix que de tenter une synth\u00e8se cr\u00e9ative et op\u00e9rationnelle entre les techniques traditionnelles et celles modernes pour construire en terre. En analysant ces savoirs endog\u00e8nes et en les optimisant pour les adapter aux d\u00e9fis constructifs actuels, l&rsquo;approche contemporaine formelle, structurelle et \u00e9nerg\u00e9tique de la construction en terre fuse de proc\u00e9d\u00e9s modernes qui tendent \u00e0 augmenter la r\u00e9sistance de la terre. Si en la stabilisant, le d\u00e9fi structurel est relev\u00e9, quid de son esth\u00e9tique\u00a0? La modernisation des m\u00e9thodes de construction en terre a r\u00e9solu l\u2019aspect structurel mais a soulev\u00e9 un probl\u00e8me esth\u00e9tique. En pr\u00e9fabriquant des blocs de terre compress\u00e9e ou des panneaux de mur en pis\u00e9 et les stabilisant, nous nous rapprochons plus d\u2019une esth\u00e9tique constructive formelle orthogonale et lisse qui renvoie \u00e0 des \u00e9l\u00e9ments en b\u00e9ton que d\u2019une esth\u00e9tique sensuelle \u00e9manant d\u2019un modelage ancestral de la terre. Ce revers de la m\u00e9daille est encore plus d\u00e9stabilisant si nous consid\u00e9rons la quasi absence d\u2019un cadre r\u00e9glementaire pour les constructions en terre \u00e0 travers le monde. Pourtant, ces constructions \u00e9difi\u00e9es depuis des si\u00e8cles sont toujours visibles et pr\u00e9sentes comme symbole de r\u00e9sistance qui d\u00e9fie toute absence ou pr\u00e9sence de l\u00e9gislation.<\/p>\n<p>Dans cet axe, l\u2019\u00e9volution des techniques constructives en terre est retrac\u00e9e, alternant compr\u00e9hension intuitive et compr\u00e9hension r\u00e9fl\u00e9chie des propri\u00e9t\u00e9s structurelles, g\u00e9otechniques et \u00e9nerg\u00e9tiques de la terre. Les approches \u00e9ducatives sur ce mat\u00e9riau sont examin\u00e9es, consid\u00e9r\u00e9es comme essentielles et conduisant \u00e0 une hybridation r\u00e9fl\u00e9chie et consciente des savoirs techniques et les savoirs endog\u00e8nes pour une exp\u00e9rience de la mat\u00e9rialit\u00e9 de la terre, de ses possibilit\u00e9s techniques et de ses limites constructives face au d\u00e9fi de la durabilit\u00e9.<\/p>\n<p><strong>AXE 3. De l\u2019Innovation de la terre<\/strong><\/p>\n<p>La recherche et le d\u00e9veloppement ouvre la voie devant l\u2019innovation en mati\u00e8re de construction en terre. Cet axe explore la mati\u00e8re \u00ab\u00a0terre\u00a0\u00bb de sa mat\u00e9rialit\u00e9 \u00e0 son immat\u00e9rialit\u00e9. En effet, l&rsquo;innovation dans la construction en terre ne se limite pas \u00e0 l&rsquo;am\u00e9lioration de ses propri\u00e9t\u00e9s physiques. Elle s&rsquo;\u00e9tend d\u00e9sormais au domaine du num\u00e9rique.<\/p>\n<p>Dans une optique d\u2019optimisation \u00e9nerg\u00e9tique du b\u00e2timent, la terre devient un mat\u00e9riau \u00ab\u00a0augment\u00e9\u00a0\u00bb par l\u2019IoT, pilotant son avatar, son jumeau num\u00e9rique qui pr\u00e9sente un aper\u00e7u en temps r\u00e9el sur son comportement \u00e9nerg\u00e9tique face \u00e0 la chaleur, au froid, \u00e0 l\u2019humidit\u00e9, \u00e0 l\u2019air, \u00e0 la lumi\u00e8re ou encore aux sons et aux odeurs. Les ambiances engendr\u00e9es par la terre sont contr\u00f4l\u00e9es, basculant d\u2019un \u00e9tat naturel \u00e0 celui artificiel. V\u00e9ritable vecteur de technologie, les formes en terre ne sont plus sculpt\u00e9es mais deviennent param\u00e9triques, ob\u00e9issant aux r\u00e8gles du design g\u00e9n\u00e9ratif et permettant de cr\u00e9er des structures complexes et optimis\u00e9es pour la r\u00e9sistance et la performance \u00e9nerg\u00e9tique. Faire un relev\u00e9 de formes sculpt\u00e9es et irr\u00e9guli\u00e8res en terre a aussi \u00e9t\u00e9 r\u00e9volutionn\u00e9 ces derniers temps. Les processus Scan-to-BIM pr\u00e9sentent la solution pour le faire, int\u00e9grant les op\u00e9rations de gestion et de maintenance \u00e0 op\u00e9rer sur les constructions en terre dans le cadre d\u2019une m\u00e9thodologie de Heritage Building Information Modeling HBIM, explorant les ontologies s\u00e9mantiques de restitution de ces architectures aussi complexes que simples. En gagnant sur le temps, le co\u00fbt et l\u2019effort d\u2019ex\u00e9cution, l\u2019impression 3D de structures et de formes en terre est l&rsquo;une des avanc\u00e9es les plus prometteuses. En utilisant des m\u00e9langes de terre et d&rsquo;additifs sp\u00e9cifiques, des murs, des d\u00f4mes et m\u00eame des b\u00e2timents entiers peuvent \u00eatre \u00e9difi\u00e9s couche par couche, sans coffrage ni main-d&rsquo;\u0153uvre en grand nombre. Les environnements immersifs transforment \u00e0 leur tour l\u2019exp\u00e9rience perceptive des architectures de terre et permettent de vivre la terre en se projetant dans une r\u00e9alit\u00e9 augment\u00e9e, virtuelle ou mixte. Ces environnements sont autant au service des usagers que des b\u00e2tisseurs et des artisans, leur offrant la possibilit\u00e9 de tester des appareillages constructifs in\u00e9dits en terre afin de garantir leur bonne mise en \u0153uvre.<\/p>\n<p>In fine, cet axe explore comment les technologies de pointe transforment l&rsquo;exp\u00e9rience architecturale et urbaine, en faisant de la terre un support pour l&rsquo;innovation et la durabilit\u00e9. Ainsi, \u00e0 travers l\u2019int\u00e9gration d\u2019outils num\u00e9riques, la terre contribue \u00e0 des environnements plus adaptatifs, interactifs et connect\u00e9s. Les voies de la recherche innovante en la mati\u00e8re sont explor\u00e9es, ainsi que leurs d\u00e9veloppements \u00e0 diff\u00e9rentes \u00e9chelles via des technologies de pointe.<\/p>\n<p><strong>FORMAT :<\/strong><\/p>\n<p>Le colloque est en mode pr\u00e9sentiel.<\/p>\n<p><strong>DATES\u00a0:<\/strong><\/p>\n<p>Les 05, 06 et 07 juin 2026<\/p>\n<p><strong>LIEU\u00a0:<\/strong><\/p>\n<p><em>05 et 06 juin 2026\u00a0:<\/em> L\u2019Ecole Nationale d\u2019Architecture et d\u2019Urbanisme ENAU, Sidi Bou Said, Tunisie<\/p>\n<p><em>07 juin 2026\u00a0:<\/em> Domaine Sainte Marie du Zit, Zaghouan, Tunisie<\/p>\n<p><strong>CALENDRIER\u00a0:<\/strong><\/p>\n<ul>\n<li>Lancement de l\u2019appel \u00e0 propositions\u00a0: 24 Septembre 2025<\/li>\n<li>Deadline r\u00e9ception des r\u00e9sum\u00e9s\u00a0: 07 Janvier 2026<\/li>\n<li>Notification aux auteurs des r\u00e9sum\u00e9s retenus\u00a0: \u00e0 partir du 21 Janvier 2026<\/li>\n<li>Deadline r\u00e9ception des posters\u00a0: 21 Mars 2026<\/li>\n<li>Deadline r\u00e9ception des articles\u00a0: 21 Avril 2026<\/li>\n<li>Notification aux auteurs des articles\u00a0: \u00e0 partir du 05 Mai 2026<\/li>\n<li>Deadline paiement des frais d\u2019enregistrement au colloque\/workshop\u00a0: 12 Mai 2026<\/li>\n<li>Colloque\u00a0: 05, 06 et 07 Juin 2026<\/li>\n<\/ul>\n<p><strong>LES FRAIS D\u2019INSCRIPTION\u00a0: <\/strong><\/p>\n<p>Les frais d\u2019inscription sont de 300 TND pour le colloque et de 80 TND pour le workshop (120 Euros colloque \/ 40 Euros workshop pour les non-tunisiens). Les frais du colloque comprennent l\u2019enregistrement, le pack mat\u00e9riel du colloque, les d\u00e9jeuners et les pauses caf\u00e9. Les frais du workshop exp\u00e9rimental au Domaine Sainte Marie du Zit comprennent la participation au workshop et le diner gala. Les frais d\u2019inscription sont \u00e0 r\u00e9gler par virement bancaire sur le compte de l\u2019Association Tunisienne de M\u00e9canique des Roches ATMR. Les coordonn\u00e9es bancaires de l\u2019association seront transmises aux auteurs retenus apr\u00e8s acceptation des articles\/posters.<\/p>\n<p><strong>INFO &amp; CONTACT :<\/strong><\/p>\n<p>faten.hussein@enau.ucar.tn<\/p>","protected":false},"excerpt":{"rendered":"<p>L\u2019\u00c9cole Nationale d\u2019Architecture et d\u2019Urbanisme ENAU accueille la premi\u00e8re \u00e9dition [&hellip;]<\/p>","protected":false},"author":2,"featured_media":6331,"comment_status":"closed","ping_status":"","sticky":false,"template":"","format":"standard","meta":{"footnotes":""},"categories":[37],"tags":[],"yoast_head":"<!-- This site is optimized with the Yoast SEO plugin v21.2 - https:\/\/yoast.com\/wordpress\/plugins\/seo\/ -->\n<title>Tur\u00e2b\u201926 : exp\u00e9riences de la d\u00e9-mat\u00e9rialit\u00e9 de la construction en terre (Tunisie, 05-07 Juin 2026) - CRAterre<\/title>\n<meta name=\"robots\" content=\"index, follow, max-snippet:-1, max-image-preview:large, max-video-preview:-1\" \/>\n<link rel=\"canonical\" href=\"https:\/\/craterre.org\/en\/actualites\/turab26-experiences-de-la-de-materialite-de-la-construction-en-terre-tunisie-05-07-juin-2026\/\" \/>\n<meta property=\"og:locale\" content=\"en_US\" \/>\n<meta property=\"og:type\" content=\"article\" \/>\n<meta property=\"og:title\" content=\"Tur\u00e2b\u201926 : exp\u00e9riences de la d\u00e9-mat\u00e9rialit\u00e9 de la construction en terre (Tunisie, 05-07 Juin 2026) - CRAterre\" \/>\n<meta property=\"og:description\" content=\"L\u2019\u00c9cole Nationale d\u2019Architecture et d\u2019Urbanisme ENAU accueille la premi\u00e8re \u00e9dition [&hellip;]\" \/>\n<meta property=\"og:url\" content=\"https:\/\/craterre.org\/en\/actualites\/turab26-experiences-de-la-de-materialite-de-la-construction-en-terre-tunisie-05-07-juin-2026\/\" \/>\n<meta property=\"og:site_name\" content=\"CRAterre\" \/>\n<meta property=\"article:publisher\" content=\"https:\/\/www.facebook.com\/centrecraterre\" \/>\n<meta property=\"article:published_time\" content=\"2026-04-03T08:45:36+00:00\" \/>\n<meta property=\"og:image\" content=\"https:\/\/craterre.org\/wp-content\/uploads\/2026\/04\/vignettes_site_web8-1024x1024.png\" \/>\n\t<meta property=\"og:image:width\" content=\"1024\" \/>\n\t<meta property=\"og:image:height\" content=\"1024\" \/>\n\t<meta property=\"og:image:type\" content=\"image\/png\" \/>\n<meta name=\"author\" content=\"Audrey Carbonnelle\" \/>\n<meta name=\"twitter:card\" content=\"summary_large_image\" \/>\n<meta name=\"twitter:label1\" content=\"Written by\" \/>\n\t<meta name=\"twitter:data1\" content=\"Audrey Carbonnelle\" \/>\n\t<meta name=\"twitter:label2\" content=\"Est. reading time\" \/>\n\t<meta name=\"twitter:data2\" content=\"12 minutes\" \/>\n<script type=\"application\/ld+json\" class=\"yoast-schema-graph\">{\"@context\":\"https:\/\/schema.org\",\"@graph\":[{\"@type\":\"Article\",\"@id\":\"https:\/\/craterre.org\/actualites\/turab26-experiences-de-la-de-materialite-de-la-construction-en-terre-tunisie-05-07-juin-2026\/#article\",\"isPartOf\":{\"@id\":\"https:\/\/craterre.org\/actualites\/turab26-experiences-de-la-de-materialite-de-la-construction-en-terre-tunisie-05-07-juin-2026\/\"},\"author\":{\"name\":\"Audrey Carbonnelle\",\"@id\":\"https:\/\/craterre.org\/#\/schema\/person\/e0ff58c92c89248ad6f5644a542d4122\"},\"headline\":\"Tur\u00e2b\u201926 : exp\u00e9riences de la d\u00e9-mat\u00e9rialit\u00e9 de la construction en terre (Tunisie, 05-07 Juin 2026)\",\"datePublished\":\"2026-04-03T08:45:36+00:00\",\"dateModified\":\"2026-04-03T08:45:36+00:00\",\"mainEntityOfPage\":{\"@id\":\"https:\/\/craterre.org\/actualites\/turab26-experiences-de-la-de-materialite-de-la-construction-en-terre-tunisie-05-07-juin-2026\/\"},\"wordCount\":2341,\"publisher\":{\"@id\":\"https:\/\/craterre.org\/#organization\"},\"articleSection\":[\"Actualit\u00e9s\"],\"inLanguage\":\"en-US\"},{\"@type\":\"WebPage\",\"@id\":\"https:\/\/craterre.org\/actualites\/turab26-experiences-de-la-de-materialite-de-la-construction-en-terre-tunisie-05-07-juin-2026\/\",\"url\":\"https:\/\/craterre.org\/actualites\/turab26-experiences-de-la-de-materialite-de-la-construction-en-terre-tunisie-05-07-juin-2026\/\",\"name\":\"Tur\u00e2b\u201926 : exp\u00e9riences de la d\u00e9-mat\u00e9rialit\u00e9 de la construction en terre (Tunisie, 05-07 Juin 2026) - CRAterre\",\"isPartOf\":{\"@id\":\"https:\/\/craterre.org\/#website\"},\"datePublished\":\"2026-04-03T08:45:36+00:00\",\"dateModified\":\"2026-04-03T08:45:36+00:00\",\"inLanguage\":\"en-US\",\"potentialAction\":[{\"@type\":\"ReadAction\",\"target\":[\"https:\/\/craterre.org\/actualites\/turab26-experiences-de-la-de-materialite-de-la-construction-en-terre-tunisie-05-07-juin-2026\/\"]}]},{\"@type\":\"WebSite\",\"@id\":\"https:\/\/craterre.org\/#website\",\"url\":\"https:\/\/craterre.org\/\",\"name\":\"CRAterre\",\"description\":\"\",\"publisher\":{\"@id\":\"https:\/\/craterre.org\/#organization\"},\"potentialAction\":[{\"@type\":\"SearchAction\",\"target\":{\"@type\":\"EntryPoint\",\"urlTemplate\":\"https:\/\/craterre.org\/?s={search_term_string}\"},\"query-input\":\"required name=search_term_string\"}],\"inLanguage\":\"en-US\"},{\"@type\":\"Organization\",\"@id\":\"https:\/\/craterre.org\/#organization\",\"name\":\"CRAterre\",\"url\":\"https:\/\/craterre.org\/\",\"logo\":{\"@type\":\"ImageObject\",\"inLanguage\":\"en-US\",\"@id\":\"https:\/\/craterre.org\/#\/schema\/logo\/image\/\",\"url\":\"https:\/\/craterre.org\/wp-content\/uploads\/2024\/04\/CRAterre-logo-indiv.png\",\"contentUrl\":\"https:\/\/craterre.org\/wp-content\/uploads\/2024\/04\/CRAterre-logo-indiv.png\",\"width\":1618,\"height\":661,\"caption\":\"CRAterre\"},\"image\":{\"@id\":\"https:\/\/craterre.org\/#\/schema\/logo\/image\/\"},\"sameAs\":[\"https:\/\/www.facebook.com\/centrecraterre\"]},{\"@type\":\"Person\",\"@id\":\"https:\/\/craterre.org\/#\/schema\/person\/e0ff58c92c89248ad6f5644a542d4122\",\"name\":\"Audrey Carbonnelle\",\"image\":{\"@type\":\"ImageObject\",\"inLanguage\":\"en-US\",\"@id\":\"https:\/\/craterre.org\/#\/schema\/person\/image\/\",\"url\":\"https:\/\/secure.gravatar.com\/avatar\/9e4073268bc926f25bb139fa354b9ede?s=96&d=mm&r=g\",\"contentUrl\":\"https:\/\/secure.gravatar.com\/avatar\/9e4073268bc926f25bb139fa354b9ede?s=96&d=mm&r=g\",\"caption\":\"Audrey Carbonnelle\"},\"url\":\"https:\/\/craterre.org\/en\/author\/audrey\/\"}]}<\/script>\n<!-- \/ Yoast SEO plugin. -->","yoast_head_json":{"title":"Tur\u00e2b\u201926 : exp\u00e9riences de la d\u00e9-mat\u00e9rialit\u00e9 de la construction en terre (Tunisie, 05-07 Juin 2026) - CRAterre","robots":{"index":"index","follow":"follow","max-snippet":"max-snippet:-1","max-image-preview":"max-image-preview:large","max-video-preview":"max-video-preview:-1"},"canonical":"https:\/\/craterre.org\/en\/actualites\/turab26-experiences-de-la-de-materialite-de-la-construction-en-terre-tunisie-05-07-juin-2026\/","og_locale":"en_US","og_type":"article","og_title":"Tur\u00e2b\u201926 : exp\u00e9riences de la d\u00e9-mat\u00e9rialit\u00e9 de la construction en terre (Tunisie, 05-07 Juin 2026) - CRAterre","og_description":"L\u2019\u00c9cole Nationale d\u2019Architecture et d\u2019Urbanisme ENAU accueille la premi\u00e8re \u00e9dition [&hellip;]","og_url":"https:\/\/craterre.org\/en\/actualites\/turab26-experiences-de-la-de-materialite-de-la-construction-en-terre-tunisie-05-07-juin-2026\/","og_site_name":"CRAterre","article_publisher":"https:\/\/www.facebook.com\/centrecraterre","article_published_time":"2026-04-03T08:45:36+00:00","og_image":[{"width":1024,"height":1024,"url":"https:\/\/craterre.org\/wp-content\/uploads\/2026\/04\/vignettes_site_web8-1024x1024.png","type":"image\/png"}],"author":"Audrey Carbonnelle","twitter_card":"summary_large_image","twitter_misc":{"Written by":"Audrey Carbonnelle","Est. reading time":"12 minutes"},"schema":{"@context":"https:\/\/schema.org","@graph":[{"@type":"Article","@id":"https:\/\/craterre.org\/actualites\/turab26-experiences-de-la-de-materialite-de-la-construction-en-terre-tunisie-05-07-juin-2026\/#article","isPartOf":{"@id":"https:\/\/craterre.org\/actualites\/turab26-experiences-de-la-de-materialite-de-la-construction-en-terre-tunisie-05-07-juin-2026\/"},"author":{"name":"Audrey Carbonnelle","@id":"https:\/\/craterre.org\/#\/schema\/person\/e0ff58c92c89248ad6f5644a542d4122"},"headline":"Tur\u00e2b\u201926 : exp\u00e9riences de la d\u00e9-mat\u00e9rialit\u00e9 de la construction en terre (Tunisie, 05-07 Juin 2026)","datePublished":"2026-04-03T08:45:36+00:00","dateModified":"2026-04-03T08:45:36+00:00","mainEntityOfPage":{"@id":"https:\/\/craterre.org\/actualites\/turab26-experiences-de-la-de-materialite-de-la-construction-en-terre-tunisie-05-07-juin-2026\/"},"wordCount":2341,"publisher":{"@id":"https:\/\/craterre.org\/#organization"},"articleSection":["Actualit\u00e9s"],"inLanguage":"en-US"},{"@type":"WebPage","@id":"https:\/\/craterre.org\/actualites\/turab26-experiences-de-la-de-materialite-de-la-construction-en-terre-tunisie-05-07-juin-2026\/","url":"https:\/\/craterre.org\/actualites\/turab26-experiences-de-la-de-materialite-de-la-construction-en-terre-tunisie-05-07-juin-2026\/","name":"Tur\u00e2b\u201926 : exp\u00e9riences de la d\u00e9-mat\u00e9rialit\u00e9 de la construction en terre (Tunisie, 05-07 Juin 2026) - CRAterre","isPartOf":{"@id":"https:\/\/craterre.org\/#website"},"datePublished":"2026-04-03T08:45:36+00:00","dateModified":"2026-04-03T08:45:36+00:00","inLanguage":"en-US","potentialAction":[{"@type":"ReadAction","target":["https:\/\/craterre.org\/actualites\/turab26-experiences-de-la-de-materialite-de-la-construction-en-terre-tunisie-05-07-juin-2026\/"]}]},{"@type":"WebSite","@id":"https:\/\/craterre.org\/#website","url":"https:\/\/craterre.org\/","name":"\u200eCRAterre","description":"","publisher":{"@id":"https:\/\/craterre.org\/#organization"},"potentialAction":[{"@type":"SearchAction","target":{"@type":"EntryPoint","urlTemplate":"https:\/\/craterre.org\/?s={search_term_string}"},"query-input":"required name=search_term_string"}],"inLanguage":"en-US"},{"@type":"Organization","@id":"https:\/\/craterre.org\/#organization","name":"\u200eCRAterre","url":"https:\/\/craterre.org\/","logo":{"@type":"ImageObject","inLanguage":"en-US","@id":"https:\/\/craterre.org\/#\/schema\/logo\/image\/","url":"https:\/\/craterre.org\/wp-content\/uploads\/2024\/04\/CRAterre-logo-indiv.png","contentUrl":"https:\/\/craterre.org\/wp-content\/uploads\/2024\/04\/CRAterre-logo-indiv.png","width":1618,"height":661,"caption":"CRAterre"},"image":{"@id":"https:\/\/craterre.org\/#\/schema\/logo\/image\/"},"sameAs":["https:\/\/www.facebook.com\/centrecraterre"]},{"@type":"Person","@id":"https:\/\/craterre.org\/#\/schema\/person\/e0ff58c92c89248ad6f5644a542d4122","name":"Audrey Carbonnelle","image":{"@type":"ImageObject","inLanguage":"en-US","@id":"https:\/\/craterre.org\/#\/schema\/person\/image\/","url":"https:\/\/secure.gravatar.com\/avatar\/9e4073268bc926f25bb139fa354b9ede?s=96&d=mm&r=g","contentUrl":"https:\/\/secure.gravatar.com\/avatar\/9e4073268bc926f25bb139fa354b9ede?s=96&d=mm&r=g","caption":"Audrey Carbonnelle"},"url":"https:\/\/craterre.org\/en\/author\/audrey\/"}]}},"_links":{"self":[{"href":"https:\/\/craterre.org\/en\/wp-json\/wp\/v2\/posts\/6332"}],"collection":[{"href":"https:\/\/craterre.org\/en\/wp-json\/wp\/v2\/posts"}],"about":[{"href":"https:\/\/craterre.org\/en\/wp-json\/wp\/v2\/types\/post"}],"author":[{"embeddable":true,"href":"https:\/\/craterre.org\/en\/wp-json\/wp\/v2\/users\/2"}],"replies":[{"embeddable":true,"href":"https:\/\/craterre.org\/en\/wp-json\/wp\/v2\/comments?post=6332"}],"version-history":[{"count":2,"href":"https:\/\/craterre.org\/en\/wp-json\/wp\/v2\/posts\/6332\/revisions"}],"predecessor-version":[{"id":6335,"href":"https:\/\/craterre.org\/en\/wp-json\/wp\/v2\/posts\/6332\/revisions\/6335"}],"wp:featuredmedia":[{"embeddable":true,"href":"https:\/\/craterre.org\/en\/wp-json\/wp\/v2\/media\/6331"}],"wp:attachment":[{"href":"https:\/\/craterre.org\/en\/wp-json\/wp\/v2\/media?parent=6332"}],"wp:term":[{"taxonomy":"category","embeddable":true,"href":"https:\/\/craterre.org\/en\/wp-json\/wp\/v2\/categories?post=6332"},{"taxonomy":"post_tag","embeddable":true,"href":"https:\/\/craterre.org\/en\/wp-json\/wp\/v2\/tags?post=6332"}],"curies":[{"name":"wp","href":"https:\/\/api.w.org\/{rel}","templated":true}]}}