

{"id":4060,"date":"2024-01-07T14:43:05","date_gmt":"2024-01-07T14:43:05","guid":{"rendered":"https:\/\/craterre.org\/?p=4060"},"modified":"2024-09-26T08:08:06","modified_gmt":"2024-09-26T08:08:06","slug":"construir-con-tierra-en-el-peru-entre-patrimonio-y-desarrollo-sostenible-27-janvier-1h","status":"publish","type":"post","link":"https:\/\/craterre.org\/en\/archives\/construir-con-tierra-en-el-peru-entre-patrimonio-y-desarrollo-sostenible-27-janvier-1h\/","title":{"rendered":"Construir con tierra en el Per\u00fa: entre patrimonio y desarrollo sostenible (27 janvier, 1h)"},"content":{"rendered":"<p>L&rsquo;IFEA organise dans le cadre de la 7\u00e8me Nuit des Id\u00e9es au P\u00e9rou une table-ronde s\u2019intitulant \u00ab\u00a0<strong>Construir con tierra en el Per\u00fa: entre patrimonio y desarrollo sostenible<\/strong>\u00a0\u00bb.<\/p>\n<div dir=\"auto\">\n<p id=\"tw-target-text\" class=\"tw-data-text tw-text-large tw-ta\" dir=\"ltr\" data-placeholder=\"Traduction\"><span class=\"Y2IQFc\" lang=\"fr\">L\u2019objectif de la table ronde est d\u2019\u00e9changer sur la construction en terre dans le monde et plus particuli\u00e8rement au P\u00e9rou. Parler de construction en terre, c\u2019est parler de techniques et de savoir-faire traditionnels, visibles dans le monde entier et dans la dur\u00e9e, de vie pratique et d\u2019histoire, ainsi que de patrimoine commun. Il s\u2019agit de construire et de reconstruire, avec une dimension collective qui, comme l\u2019a montr\u00e9 cette pand\u00e9mie, est le seul moyen d\u2019avancer, en laissant de c\u00f4t\u00e9 notre \u00e9go\u00efsme.<\/span><\/p>\n<p dir=\"ltr\" data-placeholder=\"Traduction\">\n<\/div>\n<div class=\"cxmmr5t8 oygrvhab hcukyx3x c1et5uql o9v6fnle ii04i59q\">\n<p dir=\"auto\"><strong>Participants<\/strong>:<br \/>\n\u2013 Chamsia Sadozai, arch\u00e9ologue (CRAterre),<br \/>\n\u2013 Silvia Onnis, architecte (Centro Tierra de la PUCP),<br \/>\n\u2013 Augusto Rom\u00e1n, architecte,<br \/>\n\u2013 Aliocha Maldavsky, directrice (IFEA) \u2013 mod\u00e9ratrice.<\/p>\n<p>&nbsp;<\/p>\n<\/div>\n<div class=\"cxmmr5t8 oygrvhab hcukyx3x c1et5uql o9v6fnle ii04i59q\">\n<div dir=\"auto\"><span class=\"pq6dq46d tbxw36s4 knj5qynh kvgmc6g5 ditlmg2l oygrvhab nvdbi5me sf5mxxl7 gl3lb2sf hhz5lgdu\">\u00c9v\u00e9nement diffus\u00e9<\/span>\u00a0en direct sur la page de l\u2019<a class=\"oajrlxb2 g5ia77u1 qu0x051f esr5mh6w e9989ue4 r7d6kgcz rq0escxv nhd2j8a9 nc684nl6 p7hjln8o kvgmc6g5 cxmmr5t8 oygrvhab hcukyx3x jb3vyjys rz4wbd8a qt6c0cv9 a8nywdso i1ao9s8h esuyzwwr f1sip0of lzcic4wl gpro0wi8 q66pz984 b1v8xokw\" tabindex=\"0\" role=\"link\" href=\"https:\/\/www.facebook.com\/ifeanet?__cft__[0]=AZXoN5ltWWS8WbCHzmYCI45sVH9ve4rWfdmLMVri6cl7plCZn6eb7HVMR9Ve8zDA0-pzz_o2ZPx-tvLrKRhMWARASiOUDRH1rWO2yfuzZqrQfuEMNJQvDYqK7OnQVf7BfGpawhNYAwzHDusnnp4zrxNwH5XqLvsaiblpn7tIfdQTyJ5Ma0EsatPQnfBworIpmDD2BqRsEcqwMzk-dxp3u_K4kg1zcooSHIBiSqcORd-Pcg&amp;__tn__=-]K-R\"><span class=\"nc684nl6\">Instituto Franc\u00e9s de Estudios Andinos \u2013 IFEA<\/span><\/a>\u00a0le\u00a0<strong>27 janvier \u00e0 1h du matin<\/strong>\u00a0(heure fran\u00e7aise).<\/div>\n<\/div>\n<div class=\"cxmmr5t8 oygrvhab hcukyx3x c1et5uql o9v6fnle ii04i59q\">\n<div dir=\"auto\">Infos :\u00a0<a class=\"oajrlxb2 g5ia77u1 qu0x051f esr5mh6w e9989ue4 r7d6kgcz rq0escxv nhd2j8a9 nc684nl6 p7hjln8o kvgmc6g5 cxmmr5t8 oygrvhab hcukyx3x jb3vyjys rz4wbd8a qt6c0cv9 a8nywdso i1ao9s8h esuyzwwr f1sip0of lzcic4wl gpro0wi8 py34i1dx\" tabindex=\"0\" role=\"link\" href=\"https:\/\/www.ifea.org.pe\/eventos\/peru\/?fbclid=IwAR2w5ohfPZa0jej37tHH2qbFE_PGvXoJ3QDcAjDGyvgS13hY0a5MRDVrj-Q#nuit-des-idees22\" target=\"_blank\" rel=\"nofollow noopener\">https:\/\/www.ifea.org.pe\/eventos\/peru\/#nuit-des-idees22<\/a><\/div>\n<\/div>","protected":false},"excerpt":{"rendered":"<p>L&rsquo;IFEA organise dans le cadre de la 7\u00e8me Nuit des [&hellip;]<\/p>","protected":false},"author":1,"featured_media":4059,"comment_status":"open","ping_status":"open","sticky":false,"template":"","format":"standard","meta":{"footnotes":""},"categories":[1],"tags":[],"yoast_head":"<!-- This site is optimized with the Yoast SEO plugin v21.2 - https:\/\/yoast.com\/wordpress\/plugins\/seo\/ -->\n<title>Construir con tierra en el Per\u00fa: entre patrimonio y desarrollo sostenible (27 janvier, 1h) - CRAterre<\/title>\n<meta name=\"robots\" content=\"index, follow, max-snippet:-1, max-image-preview:large, max-video-preview:-1\" \/>\n<link rel=\"canonical\" href=\"https:\/\/craterre.org\/en\/archives\/construir-con-tierra-en-el-peru-entre-patrimonio-y-desarrollo-sostenible-27-janvier-1h\/\" \/>\n<meta property=\"og:locale\" content=\"en_US\" \/>\n<meta property=\"og:type\" content=\"article\" \/>\n<meta property=\"og:title\" content=\"Construir con tierra en el Per\u00fa: entre patrimonio y desarrollo sostenible (27 janvier, 1h) - CRAterre\" \/>\n<meta property=\"og:description\" content=\"L&rsquo;IFEA organise dans le cadre de la 7\u00e8me Nuit des [&hellip;]\" \/>\n<meta property=\"og:url\" content=\"https:\/\/craterre.org\/en\/archives\/construir-con-tierra-en-el-peru-entre-patrimonio-y-desarrollo-sostenible-27-janvier-1h\/\" \/>\n<meta property=\"og:site_name\" content=\"CRAterre\" \/>\n<meta property=\"article:publisher\" content=\"https:\/\/www.facebook.com\/centrecraterre\" \/>\n<meta property=\"article:published_time\" content=\"2024-01-07T14:43:05+00:00\" \/>\n<meta property=\"article:modified_time\" content=\"2024-09-26T08:08:06+00:00\" \/>\n<meta property=\"og:image\" content=\"https:\/\/craterre.org\/wp-content\/uploads\/2024\/01\/Construir-con-tierra-en-el-Peru-entre-patrimonio-y-desarrollo-sostenible-27-janvier-1h.jpg\" \/>\n\t<meta property=\"og:image:width\" content=\"300\" \/>\n\t<meta property=\"og:image:height\" content=\"300\" \/>\n\t<meta property=\"og:image:type\" content=\"image\/jpeg\" \/>\n<meta name=\"author\" content=\"admin\" \/>\n<meta name=\"twitter:card\" content=\"summary_large_image\" \/>\n<meta name=\"twitter:label1\" content=\"Written by\" \/>\n\t<meta name=\"twitter:data1\" content=\"admin\" \/>\n\t<meta name=\"twitter:label2\" content=\"Est. reading time\" \/>\n\t<meta name=\"twitter:data2\" content=\"1 minute\" \/>\n<script type=\"application\/ld+json\" class=\"yoast-schema-graph\">{\"@context\":\"https:\/\/schema.org\",\"@graph\":[{\"@type\":\"Article\",\"@id\":\"https:\/\/craterre.org\/archives\/construir-con-tierra-en-el-peru-entre-patrimonio-y-desarrollo-sostenible-27-janvier-1h\/#article\",\"isPartOf\":{\"@id\":\"https:\/\/craterre.org\/archives\/construir-con-tierra-en-el-peru-entre-patrimonio-y-desarrollo-sostenible-27-janvier-1h\/\"},\"author\":{\"name\":\"admin\",\"@id\":\"https:\/\/craterre.org\/#\/schema\/person\/6e8db622dd58bc34c3ae0154cf76e099\"},\"headline\":\"Construir con tierra en el Per\u00fa: entre patrimonio y desarrollo sostenible (27 janvier, 1h)\",\"datePublished\":\"2024-01-07T14:43:05+00:00\",\"dateModified\":\"2024-09-26T08:08:06+00:00\",\"mainEntityOfPage\":{\"@id\":\"https:\/\/craterre.org\/archives\/construir-con-tierra-en-el-peru-entre-patrimonio-y-desarrollo-sostenible-27-janvier-1h\/\"},\"wordCount\":196,\"commentCount\":0,\"publisher\":{\"@id\":\"https:\/\/craterre.org\/#organization\"},\"articleSection\":[\"Archives\"],\"inLanguage\":\"en-US\",\"potentialAction\":[{\"@type\":\"CommentAction\",\"name\":\"Comment\",\"target\":[\"https:\/\/craterre.org\/archives\/construir-con-tierra-en-el-peru-entre-patrimonio-y-desarrollo-sostenible-27-janvier-1h\/#respond\"]}]},{\"@type\":\"WebPage\",\"@id\":\"https:\/\/craterre.org\/archives\/construir-con-tierra-en-el-peru-entre-patrimonio-y-desarrollo-sostenible-27-janvier-1h\/\",\"url\":\"https:\/\/craterre.org\/archives\/construir-con-tierra-en-el-peru-entre-patrimonio-y-desarrollo-sostenible-27-janvier-1h\/\",\"name\":\"Construir con tierra en el Per\u00fa: entre patrimonio y desarrollo sostenible (27 janvier, 1h) - CRAterre\",\"isPartOf\":{\"@id\":\"https:\/\/craterre.org\/#website\"},\"datePublished\":\"2024-01-07T14:43:05+00:00\",\"dateModified\":\"2024-09-26T08:08:06+00:00\",\"inLanguage\":\"en-US\",\"potentialAction\":[{\"@type\":\"ReadAction\",\"target\":[\"https:\/\/craterre.org\/archives\/construir-con-tierra-en-el-peru-entre-patrimonio-y-desarrollo-sostenible-27-janvier-1h\/\"]}]},{\"@type\":\"WebSite\",\"@id\":\"https:\/\/craterre.org\/#website\",\"url\":\"https:\/\/craterre.org\/\",\"name\":\"CRAterre\",\"description\":\"\",\"publisher\":{\"@id\":\"https:\/\/craterre.org\/#organization\"},\"potentialAction\":[{\"@type\":\"SearchAction\",\"target\":{\"@type\":\"EntryPoint\",\"urlTemplate\":\"https:\/\/craterre.org\/?s={search_term_string}\"},\"query-input\":\"required name=search_term_string\"}],\"inLanguage\":\"en-US\"},{\"@type\":\"Organization\",\"@id\":\"https:\/\/craterre.org\/#organization\",\"name\":\"CRAterre\",\"url\":\"https:\/\/craterre.org\/\",\"logo\":{\"@type\":\"ImageObject\",\"inLanguage\":\"en-US\",\"@id\":\"https:\/\/craterre.org\/#\/schema\/logo\/image\/\",\"url\":\"https:\/\/craterre.org\/wp-content\/uploads\/2024\/04\/CRAterre-logo-indiv.png\",\"contentUrl\":\"https:\/\/craterre.org\/wp-content\/uploads\/2024\/04\/CRAterre-logo-indiv.png\",\"width\":1618,\"height\":661,\"caption\":\"CRAterre\"},\"image\":{\"@id\":\"https:\/\/craterre.org\/#\/schema\/logo\/image\/\"},\"sameAs\":[\"https:\/\/www.facebook.com\/centrecraterre\"]},{\"@type\":\"Person\",\"@id\":\"https:\/\/craterre.org\/#\/schema\/person\/6e8db622dd58bc34c3ae0154cf76e099\",\"name\":\"admin\",\"image\":{\"@type\":\"ImageObject\",\"inLanguage\":\"en-US\",\"@id\":\"https:\/\/craterre.org\/#\/schema\/person\/image\/\",\"url\":\"https:\/\/secure.gravatar.com\/avatar\/fbc8940be7a34305e723363041d3aa5e?s=96&d=mm&r=g\",\"contentUrl\":\"https:\/\/secure.gravatar.com\/avatar\/fbc8940be7a34305e723363041d3aa5e?s=96&d=mm&r=g\",\"caption\":\"admin\"},\"sameAs\":[\"https:\/\/craterre.ts-cafeine.tech\"],\"url\":\"https:\/\/craterre.org\/en\/author\/craterre_admin\/\"}]}<\/script>\n<!-- \/ Yoast SEO plugin. -->","yoast_head_json":{"title":"Construir con tierra en el Per\u00fa: entre patrimonio y desarrollo sostenible (27 janvier, 1h) - CRAterre","robots":{"index":"index","follow":"follow","max-snippet":"max-snippet:-1","max-image-preview":"max-image-preview:large","max-video-preview":"max-video-preview:-1"},"canonical":"https:\/\/craterre.org\/en\/archives\/construir-con-tierra-en-el-peru-entre-patrimonio-y-desarrollo-sostenible-27-janvier-1h\/","og_locale":"en_US","og_type":"article","og_title":"Construir con tierra en el Per\u00fa: entre patrimonio y desarrollo sostenible (27 janvier, 1h) - CRAterre","og_description":"L&rsquo;IFEA organise dans le cadre de la 7\u00e8me Nuit des [&hellip;]","og_url":"https:\/\/craterre.org\/en\/archives\/construir-con-tierra-en-el-peru-entre-patrimonio-y-desarrollo-sostenible-27-janvier-1h\/","og_site_name":"CRAterre","article_publisher":"https:\/\/www.facebook.com\/centrecraterre","article_published_time":"2024-01-07T14:43:05+00:00","article_modified_time":"2024-09-26T08:08:06+00:00","og_image":[{"width":300,"height":300,"url":"https:\/\/craterre.org\/wp-content\/uploads\/2024\/01\/Construir-con-tierra-en-el-Peru-entre-patrimonio-y-desarrollo-sostenible-27-janvier-1h.jpg","type":"image\/jpeg"}],"author":"admin","twitter_card":"summary_large_image","twitter_misc":{"Written by":"admin","Est. reading time":"1 minute"},"schema":{"@context":"https:\/\/schema.org","@graph":[{"@type":"Article","@id":"https:\/\/craterre.org\/archives\/construir-con-tierra-en-el-peru-entre-patrimonio-y-desarrollo-sostenible-27-janvier-1h\/#article","isPartOf":{"@id":"https:\/\/craterre.org\/archives\/construir-con-tierra-en-el-peru-entre-patrimonio-y-desarrollo-sostenible-27-janvier-1h\/"},"author":{"name":"admin","@id":"https:\/\/craterre.org\/#\/schema\/person\/6e8db622dd58bc34c3ae0154cf76e099"},"headline":"Construir con tierra en el Per\u00fa: entre patrimonio y desarrollo sostenible (27 janvier, 1h)","datePublished":"2024-01-07T14:43:05+00:00","dateModified":"2024-09-26T08:08:06+00:00","mainEntityOfPage":{"@id":"https:\/\/craterre.org\/archives\/construir-con-tierra-en-el-peru-entre-patrimonio-y-desarrollo-sostenible-27-janvier-1h\/"},"wordCount":196,"commentCount":0,"publisher":{"@id":"https:\/\/craterre.org\/#organization"},"articleSection":["Archives"],"inLanguage":"en-US","potentialAction":[{"@type":"CommentAction","name":"Comment","target":["https:\/\/craterre.org\/archives\/construir-con-tierra-en-el-peru-entre-patrimonio-y-desarrollo-sostenible-27-janvier-1h\/#respond"]}]},{"@type":"WebPage","@id":"https:\/\/craterre.org\/archives\/construir-con-tierra-en-el-peru-entre-patrimonio-y-desarrollo-sostenible-27-janvier-1h\/","url":"https:\/\/craterre.org\/archives\/construir-con-tierra-en-el-peru-entre-patrimonio-y-desarrollo-sostenible-27-janvier-1h\/","name":"Construir con tierra en el Per\u00fa: entre patrimonio y desarrollo sostenible (27 janvier, 1h) - CRAterre","isPartOf":{"@id":"https:\/\/craterre.org\/#website"},"datePublished":"2024-01-07T14:43:05+00:00","dateModified":"2024-09-26T08:08:06+00:00","inLanguage":"en-US","potentialAction":[{"@type":"ReadAction","target":["https:\/\/craterre.org\/archives\/construir-con-tierra-en-el-peru-entre-patrimonio-y-desarrollo-sostenible-27-janvier-1h\/"]}]},{"@type":"WebSite","@id":"https:\/\/craterre.org\/#website","url":"https:\/\/craterre.org\/","name":"\u200eCRAterre","description":"","publisher":{"@id":"https:\/\/craterre.org\/#organization"},"potentialAction":[{"@type":"SearchAction","target":{"@type":"EntryPoint","urlTemplate":"https:\/\/craterre.org\/?s={search_term_string}"},"query-input":"required name=search_term_string"}],"inLanguage":"en-US"},{"@type":"Organization","@id":"https:\/\/craterre.org\/#organization","name":"\u200eCRAterre","url":"https:\/\/craterre.org\/","logo":{"@type":"ImageObject","inLanguage":"en-US","@id":"https:\/\/craterre.org\/#\/schema\/logo\/image\/","url":"https:\/\/craterre.org\/wp-content\/uploads\/2024\/04\/CRAterre-logo-indiv.png","contentUrl":"https:\/\/craterre.org\/wp-content\/uploads\/2024\/04\/CRAterre-logo-indiv.png","width":1618,"height":661,"caption":"CRAterre"},"image":{"@id":"https:\/\/craterre.org\/#\/schema\/logo\/image\/"},"sameAs":["https:\/\/www.facebook.com\/centrecraterre"]},{"@type":"Person","@id":"https:\/\/craterre.org\/#\/schema\/person\/6e8db622dd58bc34c3ae0154cf76e099","name":"admin","image":{"@type":"ImageObject","inLanguage":"en-US","@id":"https:\/\/craterre.org\/#\/schema\/person\/image\/","url":"https:\/\/secure.gravatar.com\/avatar\/fbc8940be7a34305e723363041d3aa5e?s=96&d=mm&r=g","contentUrl":"https:\/\/secure.gravatar.com\/avatar\/fbc8940be7a34305e723363041d3aa5e?s=96&d=mm&r=g","caption":"admin"},"sameAs":["https:\/\/craterre.ts-cafeine.tech"],"url":"https:\/\/craterre.org\/en\/author\/craterre_admin\/"}]}},"_links":{"self":[{"href":"https:\/\/craterre.org\/en\/wp-json\/wp\/v2\/posts\/4060"}],"collection":[{"href":"https:\/\/craterre.org\/en\/wp-json\/wp\/v2\/posts"}],"about":[{"href":"https:\/\/craterre.org\/en\/wp-json\/wp\/v2\/types\/post"}],"author":[{"embeddable":true,"href":"https:\/\/craterre.org\/en\/wp-json\/wp\/v2\/users\/1"}],"replies":[{"embeddable":true,"href":"https:\/\/craterre.org\/en\/wp-json\/wp\/v2\/comments?post=4060"}],"version-history":[{"count":1,"href":"https:\/\/craterre.org\/en\/wp-json\/wp\/v2\/posts\/4060\/revisions"}],"predecessor-version":[{"id":4061,"href":"https:\/\/craterre.org\/en\/wp-json\/wp\/v2\/posts\/4060\/revisions\/4061"}],"wp:featuredmedia":[{"embeddable":true,"href":"https:\/\/craterre.org\/en\/wp-json\/wp\/v2\/media\/4059"}],"wp:attachment":[{"href":"https:\/\/craterre.org\/en\/wp-json\/wp\/v2\/media?parent=4060"}],"wp:term":[{"taxonomy":"category","embeddable":true,"href":"https:\/\/craterre.org\/en\/wp-json\/wp\/v2\/categories?post=4060"},{"taxonomy":"post_tag","embeddable":true,"href":"https:\/\/craterre.org\/en\/wp-json\/wp\/v2\/tags?post=4060"}],"curies":[{"name":"wp","href":"https:\/\/api.w.org\/{rel}","templated":true}]}}