

{"id":4009,"date":"2024-01-07T14:33:18","date_gmt":"2024-01-07T14:33:18","guid":{"rendered":"https:\/\/craterre.org\/?p=4009"},"modified":"2024-01-07T14:33:18","modified_gmt":"2024-01-07T14:33:18","slug":"les-terres-urbaines-valeurs-positives-pour-la-ville-de-demain-22-23-juin","status":"publish","type":"post","link":"https:\/\/craterre.org\/en\/archives\/les-terres-urbaines-valeurs-positives-pour-la-ville-de-demain-22-23-juin\/","title":{"rendered":"\u00ab\u00a0Les terres urbaines, valeurs positives pour la ville de demain\u00a0\u00bb, 22-23 juin"},"content":{"rendered":"<p>Apr\u00e8s un premier colloque en avril 2019 intitul\u00e9 \u00ab\u00a0La terre dans tous ses \u00e9tats\u00a0\u00bb qui s&rsquo;est attach\u00e9 \u00e0 analyser les terres urbaines comme ressource et mat\u00e9riaux aux multiples dimensions, ECT et l\u2019EIVP approfondissent la r\u00e9flexion en pla\u00e7ant les terres au c\u0153ur des d\u00e9bats actuels de la ville durable.<\/p>\n<p>Le colloque \u00ab\u00a0Les terres urbaines, valeurs positives pour la ville de demain\u00a0\u00bb aura ainsi lieu du 22 au 23 juin \u00e0 Paris et propose de traiter la terre comme :<\/p>\n<p>&#8211; vecteur de la #r\u00e9habilitation de sites d\u00e9laiss\u00e9s, \u00e9l\u00e9ment structurant pour un nouveau paysage territorial,<\/p>\n<p>&#8211; mat\u00e9riau de construction respectueux de l\u2019environnement,<\/p>\n<p>&#8211; un \u00e9l\u00e9ment indispensable \u00e0 une int\u00e9gration urbaines des questions d\u2019espaces vert de diff\u00e9rentes natures et de biodiversit\u00e9<\/p>\n<p>.<\/p>\n<p>La matin\u00e9e du 22 juin sera consacr\u00e9e au projet Cycle terre.<\/p>\n<p>T\u00e9l\u00e9chargez le programme : https:\/\/www.eivp-paris.fr\/sites\/default\/files\/2021-06\/Programme-Terres-Urbaines-Valeurs%20Positives-EIVP-ECT-062021.pdf<\/p>\n<p>Inscriptions : https:\/\/docs.google.com\/forms\/d\/e\/1FAIpQLSeIjfSdADI8MMf7vX1S_xqJ9SyDN3JeM6qoygJvJtMhoEpKkw\/viewform?fbclid=IwAR2YtzvYxt9zLaklsBHA3ngItcNpr92QdSGmwyR4ewQbK5n6kdpTRn6IzNk<\/p>","protected":false},"excerpt":{"rendered":"<p>Apr\u00e8s un premier colloque en avril 2019 intitul\u00e9 \u00ab\u00a0La terre [&hellip;]<\/p>","protected":false},"author":1,"featured_media":4008,"comment_status":"open","ping_status":"open","sticky":false,"template":"","format":"standard","meta":{"footnotes":""},"categories":[1],"tags":[],"yoast_head":"<!-- This site is optimized with the Yoast SEO plugin v21.2 - https:\/\/yoast.com\/wordpress\/plugins\/seo\/ -->\n<title>&quot;Les terres urbaines, valeurs positives pour la ville de demain&quot;, 22-23 juin - CRAterre<\/title>\n<meta name=\"robots\" content=\"index, follow, max-snippet:-1, max-image-preview:large, max-video-preview:-1\" \/>\n<link rel=\"canonical\" href=\"https:\/\/craterre.org\/en\/archives\/les-terres-urbaines-valeurs-positives-pour-la-ville-de-demain-22-23-juin\/\" \/>\n<meta property=\"og:locale\" content=\"en_US\" \/>\n<meta property=\"og:type\" content=\"article\" \/>\n<meta property=\"og:title\" content=\"&quot;Les terres urbaines, valeurs positives pour la ville de demain&quot;, 22-23 juin - CRAterre\" \/>\n<meta property=\"og:description\" content=\"Apr\u00e8s un premier colloque en avril 2019 intitul\u00e9 \u00ab\u00a0La terre [&hellip;]\" \/>\n<meta property=\"og:url\" content=\"https:\/\/craterre.org\/en\/archives\/les-terres-urbaines-valeurs-positives-pour-la-ville-de-demain-22-23-juin\/\" \/>\n<meta property=\"og:site_name\" content=\"CRAterre\" \/>\n<meta property=\"article:publisher\" content=\"https:\/\/www.facebook.com\/centrecraterre\" \/>\n<meta property=\"article:published_time\" content=\"2024-01-07T14:33:18+00:00\" \/>\n<meta property=\"og:image\" content=\"https:\/\/craterre.org\/wp-content\/uploads\/2024\/01\/Les-terres-urbaines-valeurs-positives-pour-la-ville-de-demain-22-23-juin.png\" \/>\n\t<meta property=\"og:image:width\" content=\"200\" \/>\n\t<meta property=\"og:image:height\" content=\"282\" \/>\n\t<meta property=\"og:image:type\" content=\"image\/png\" \/>\n<meta name=\"author\" content=\"admin\" \/>\n<meta name=\"twitter:card\" content=\"summary_large_image\" \/>\n<meta name=\"twitter:label1\" content=\"Written by\" \/>\n\t<meta name=\"twitter:data1\" content=\"admin\" \/>\n<script type=\"application\/ld+json\" class=\"yoast-schema-graph\">{\"@context\":\"https:\/\/schema.org\",\"@graph\":[{\"@type\":\"Article\",\"@id\":\"https:\/\/craterre.org\/archives\/les-terres-urbaines-valeurs-positives-pour-la-ville-de-demain-22-23-juin\/#article\",\"isPartOf\":{\"@id\":\"https:\/\/craterre.org\/archives\/les-terres-urbaines-valeurs-positives-pour-la-ville-de-demain-22-23-juin\/\"},\"author\":{\"name\":\"admin\",\"@id\":\"https:\/\/craterre.org\/#\/schema\/person\/6e8db622dd58bc34c3ae0154cf76e099\"},\"headline\":\"\u00ab\u00a0Les terres urbaines, valeurs positives pour la ville de demain\u00a0\u00bb, 22-23 juin\",\"datePublished\":\"2024-01-07T14:33:18+00:00\",\"dateModified\":\"2024-01-07T14:33:18+00:00\",\"mainEntityOfPage\":{\"@id\":\"https:\/\/craterre.org\/archives\/les-terres-urbaines-valeurs-positives-pour-la-ville-de-demain-22-23-juin\/\"},\"wordCount\":196,\"commentCount\":0,\"publisher\":{\"@id\":\"https:\/\/craterre.org\/#organization\"},\"articleSection\":[\"Archives\"],\"inLanguage\":\"en-US\",\"potentialAction\":[{\"@type\":\"CommentAction\",\"name\":\"Comment\",\"target\":[\"https:\/\/craterre.org\/archives\/les-terres-urbaines-valeurs-positives-pour-la-ville-de-demain-22-23-juin\/#respond\"]}]},{\"@type\":\"WebPage\",\"@id\":\"https:\/\/craterre.org\/archives\/les-terres-urbaines-valeurs-positives-pour-la-ville-de-demain-22-23-juin\/\",\"url\":\"https:\/\/craterre.org\/archives\/les-terres-urbaines-valeurs-positives-pour-la-ville-de-demain-22-23-juin\/\",\"name\":\"\\\"Les terres urbaines, valeurs positives pour la ville de demain\\\", 22-23 juin - CRAterre\",\"isPartOf\":{\"@id\":\"https:\/\/craterre.org\/#website\"},\"datePublished\":\"2024-01-07T14:33:18+00:00\",\"dateModified\":\"2024-01-07T14:33:18+00:00\",\"inLanguage\":\"en-US\",\"potentialAction\":[{\"@type\":\"ReadAction\",\"target\":[\"https:\/\/craterre.org\/archives\/les-terres-urbaines-valeurs-positives-pour-la-ville-de-demain-22-23-juin\/\"]}]},{\"@type\":\"WebSite\",\"@id\":\"https:\/\/craterre.org\/#website\",\"url\":\"https:\/\/craterre.org\/\",\"name\":\"CRAterre\",\"description\":\"\",\"publisher\":{\"@id\":\"https:\/\/craterre.org\/#organization\"},\"potentialAction\":[{\"@type\":\"SearchAction\",\"target\":{\"@type\":\"EntryPoint\",\"urlTemplate\":\"https:\/\/craterre.org\/?s={search_term_string}\"},\"query-input\":\"required name=search_term_string\"}],\"inLanguage\":\"en-US\"},{\"@type\":\"Organization\",\"@id\":\"https:\/\/craterre.org\/#organization\",\"name\":\"CRAterre\",\"url\":\"https:\/\/craterre.org\/\",\"logo\":{\"@type\":\"ImageObject\",\"inLanguage\":\"en-US\",\"@id\":\"https:\/\/craterre.org\/#\/schema\/logo\/image\/\",\"url\":\"https:\/\/craterre.org\/wp-content\/uploads\/2024\/04\/CRAterre-logo-indiv.png\",\"contentUrl\":\"https:\/\/craterre.org\/wp-content\/uploads\/2024\/04\/CRAterre-logo-indiv.png\",\"width\":1618,\"height\":661,\"caption\":\"CRAterre\"},\"image\":{\"@id\":\"https:\/\/craterre.org\/#\/schema\/logo\/image\/\"},\"sameAs\":[\"https:\/\/www.facebook.com\/centrecraterre\"]},{\"@type\":\"Person\",\"@id\":\"https:\/\/craterre.org\/#\/schema\/person\/6e8db622dd58bc34c3ae0154cf76e099\",\"name\":\"admin\",\"image\":{\"@type\":\"ImageObject\",\"inLanguage\":\"en-US\",\"@id\":\"https:\/\/craterre.org\/#\/schema\/person\/image\/\",\"url\":\"https:\/\/secure.gravatar.com\/avatar\/fbc8940be7a34305e723363041d3aa5e?s=96&d=mm&r=g\",\"contentUrl\":\"https:\/\/secure.gravatar.com\/avatar\/fbc8940be7a34305e723363041d3aa5e?s=96&d=mm&r=g\",\"caption\":\"admin\"},\"sameAs\":[\"https:\/\/craterre.ts-cafeine.tech\"],\"url\":\"https:\/\/craterre.org\/en\/author\/craterre_admin\/\"}]}<\/script>\n<!-- \/ Yoast SEO plugin. -->","yoast_head_json":{"title":"\"Les terres urbaines, valeurs positives pour la ville de demain\", 22-23 juin - CRAterre","robots":{"index":"index","follow":"follow","max-snippet":"max-snippet:-1","max-image-preview":"max-image-preview:large","max-video-preview":"max-video-preview:-1"},"canonical":"https:\/\/craterre.org\/en\/archives\/les-terres-urbaines-valeurs-positives-pour-la-ville-de-demain-22-23-juin\/","og_locale":"en_US","og_type":"article","og_title":"\"Les terres urbaines, valeurs positives pour la ville de demain\", 22-23 juin - CRAterre","og_description":"Apr\u00e8s un premier colloque en avril 2019 intitul\u00e9 \u00ab\u00a0La terre [&hellip;]","og_url":"https:\/\/craterre.org\/en\/archives\/les-terres-urbaines-valeurs-positives-pour-la-ville-de-demain-22-23-juin\/","og_site_name":"CRAterre","article_publisher":"https:\/\/www.facebook.com\/centrecraterre","article_published_time":"2024-01-07T14:33:18+00:00","og_image":[{"width":200,"height":282,"url":"https:\/\/craterre.org\/wp-content\/uploads\/2024\/01\/Les-terres-urbaines-valeurs-positives-pour-la-ville-de-demain-22-23-juin.png","type":"image\/png"}],"author":"admin","twitter_card":"summary_large_image","twitter_misc":{"Written by":"admin"},"schema":{"@context":"https:\/\/schema.org","@graph":[{"@type":"Article","@id":"https:\/\/craterre.org\/archives\/les-terres-urbaines-valeurs-positives-pour-la-ville-de-demain-22-23-juin\/#article","isPartOf":{"@id":"https:\/\/craterre.org\/archives\/les-terres-urbaines-valeurs-positives-pour-la-ville-de-demain-22-23-juin\/"},"author":{"name":"admin","@id":"https:\/\/craterre.org\/#\/schema\/person\/6e8db622dd58bc34c3ae0154cf76e099"},"headline":"\u00ab\u00a0Les terres urbaines, valeurs positives pour la ville de demain\u00a0\u00bb, 22-23 juin","datePublished":"2024-01-07T14:33:18+00:00","dateModified":"2024-01-07T14:33:18+00:00","mainEntityOfPage":{"@id":"https:\/\/craterre.org\/archives\/les-terres-urbaines-valeurs-positives-pour-la-ville-de-demain-22-23-juin\/"},"wordCount":196,"commentCount":0,"publisher":{"@id":"https:\/\/craterre.org\/#organization"},"articleSection":["Archives"],"inLanguage":"en-US","potentialAction":[{"@type":"CommentAction","name":"Comment","target":["https:\/\/craterre.org\/archives\/les-terres-urbaines-valeurs-positives-pour-la-ville-de-demain-22-23-juin\/#respond"]}]},{"@type":"WebPage","@id":"https:\/\/craterre.org\/archives\/les-terres-urbaines-valeurs-positives-pour-la-ville-de-demain-22-23-juin\/","url":"https:\/\/craterre.org\/archives\/les-terres-urbaines-valeurs-positives-pour-la-ville-de-demain-22-23-juin\/","name":"\"Les terres urbaines, valeurs positives pour la ville de demain\", 22-23 juin - CRAterre","isPartOf":{"@id":"https:\/\/craterre.org\/#website"},"datePublished":"2024-01-07T14:33:18+00:00","dateModified":"2024-01-07T14:33:18+00:00","inLanguage":"en-US","potentialAction":[{"@type":"ReadAction","target":["https:\/\/craterre.org\/archives\/les-terres-urbaines-valeurs-positives-pour-la-ville-de-demain-22-23-juin\/"]}]},{"@type":"WebSite","@id":"https:\/\/craterre.org\/#website","url":"https:\/\/craterre.org\/","name":"\u200eCRAterre","description":"","publisher":{"@id":"https:\/\/craterre.org\/#organization"},"potentialAction":[{"@type":"SearchAction","target":{"@type":"EntryPoint","urlTemplate":"https:\/\/craterre.org\/?s={search_term_string}"},"query-input":"required name=search_term_string"}],"inLanguage":"en-US"},{"@type":"Organization","@id":"https:\/\/craterre.org\/#organization","name":"\u200eCRAterre","url":"https:\/\/craterre.org\/","logo":{"@type":"ImageObject","inLanguage":"en-US","@id":"https:\/\/craterre.org\/#\/schema\/logo\/image\/","url":"https:\/\/craterre.org\/wp-content\/uploads\/2024\/04\/CRAterre-logo-indiv.png","contentUrl":"https:\/\/craterre.org\/wp-content\/uploads\/2024\/04\/CRAterre-logo-indiv.png","width":1618,"height":661,"caption":"CRAterre"},"image":{"@id":"https:\/\/craterre.org\/#\/schema\/logo\/image\/"},"sameAs":["https:\/\/www.facebook.com\/centrecraterre"]},{"@type":"Person","@id":"https:\/\/craterre.org\/#\/schema\/person\/6e8db622dd58bc34c3ae0154cf76e099","name":"admin","image":{"@type":"ImageObject","inLanguage":"en-US","@id":"https:\/\/craterre.org\/#\/schema\/person\/image\/","url":"https:\/\/secure.gravatar.com\/avatar\/fbc8940be7a34305e723363041d3aa5e?s=96&d=mm&r=g","contentUrl":"https:\/\/secure.gravatar.com\/avatar\/fbc8940be7a34305e723363041d3aa5e?s=96&d=mm&r=g","caption":"admin"},"sameAs":["https:\/\/craterre.ts-cafeine.tech"],"url":"https:\/\/craterre.org\/en\/author\/craterre_admin\/"}]}},"_links":{"self":[{"href":"https:\/\/craterre.org\/en\/wp-json\/wp\/v2\/posts\/4009"}],"collection":[{"href":"https:\/\/craterre.org\/en\/wp-json\/wp\/v2\/posts"}],"about":[{"href":"https:\/\/craterre.org\/en\/wp-json\/wp\/v2\/types\/post"}],"author":[{"embeddable":true,"href":"https:\/\/craterre.org\/en\/wp-json\/wp\/v2\/users\/1"}],"replies":[{"embeddable":true,"href":"https:\/\/craterre.org\/en\/wp-json\/wp\/v2\/comments?post=4009"}],"version-history":[{"count":1,"href":"https:\/\/craterre.org\/en\/wp-json\/wp\/v2\/posts\/4009\/revisions"}],"predecessor-version":[{"id":4010,"href":"https:\/\/craterre.org\/en\/wp-json\/wp\/v2\/posts\/4009\/revisions\/4010"}],"wp:featuredmedia":[{"embeddable":true,"href":"https:\/\/craterre.org\/en\/wp-json\/wp\/v2\/media\/4008"}],"wp:attachment":[{"href":"https:\/\/craterre.org\/en\/wp-json\/wp\/v2\/media?parent=4009"}],"wp:term":[{"taxonomy":"category","embeddable":true,"href":"https:\/\/craterre.org\/en\/wp-json\/wp\/v2\/categories?post=4009"},{"taxonomy":"post_tag","embeddable":true,"href":"https:\/\/craterre.org\/en\/wp-json\/wp\/v2\/tags?post=4009"}],"curies":[{"name":"wp","href":"https:\/\/api.w.org\/{rel}","templated":true}]}}